{"id":14202,"date":"2021-02-19T12:31:42","date_gmt":"2021-02-19T15:31:42","guid":{"rendered":"http:\/\/www.centraldenoticias.com.ar\/?p=14202"},"modified":"2021-02-19T12:31:42","modified_gmt":"2021-02-19T15:31:42","slug":"recorrieron-la-obra-paralizada-del-polo-judicial-y-prometieron-reactivarla","status":"publish","type":"post","link":"https:\/\/cdnoticias.com\/index.php\/2021\/02\/19\/recorrieron-la-obra-paralizada-del-polo-judicial-y-prometieron-reactivarla\/","title":{"rendered":"Recorrieron la obra paralizada del Polo Judicial y prometieron reactivarla"},"content":{"rendered":"<p>Fue en el marco de la agenda del Ministro de Justicia, Julio Alak, en su visita a Olavarr\u00eda. Se\u00f1alaron que buscar\u00e1n destrabar la paralizaci\u00f3n mientras, en paralelo, avanza una investigaci\u00f3n por sobreprecios.<!--more--><\/p>\n<hr \/>\n<p>A primera hora de este viernes, en el marco de una intensa agenda del Ministro de Justicia de la provincia, <strong>Julio Alak, autoridades provinciales y locales recorrieron las instalaciones de la importante obra del Polo Judicial paralizada desde hace un a\u00f1o y medio.<\/strong><\/p>\n<p>&nbsp;<\/p>\n<p><img data-recalc-dims=\"1\" loading=\"lazy\" decoding=\"async\" class=\"alignnone size-full wp-image-14205\" src=\"https:\/\/i0.wp.com\/cdnoticias.com\/wp-content\/uploads\/2021\/02\/WhatsApp-Image-2021-02-19-at-10.16.17.jpeg?resize=800%2C586&#038;ssl=1\" alt=\"\" width=\"800\" height=\"586\" srcset=\"https:\/\/i0.wp.com\/cdnoticias.com\/wp-content\/uploads\/2021\/02\/WhatsApp-Image-2021-02-19-at-10.16.17.jpeg?w=1280&amp;ssl=1 1280w, https:\/\/i0.wp.com\/cdnoticias.com\/wp-content\/uploads\/2021\/02\/WhatsApp-Image-2021-02-19-at-10.16.17.jpeg?resize=300%2C220&amp;ssl=1 300w, https:\/\/i0.wp.com\/cdnoticias.com\/wp-content\/uploads\/2021\/02\/WhatsApp-Image-2021-02-19-at-10.16.17.jpeg?resize=768%2C563&amp;ssl=1 768w, https:\/\/i0.wp.com\/cdnoticias.com\/wp-content\/uploads\/2021\/02\/WhatsApp-Image-2021-02-19-at-10.16.17.jpeg?resize=1024%2C750&amp;ssl=1 1024w\" sizes=\"auto, (max-width: 800px) 100vw, 800px\" \/><\/p>\n<p>&nbsp;<\/p>\n<p>All\u00ed, se comentaron los avances y las razones por las cuales qued\u00f3 todo trunco, en una<strong> obra de importante magnitud en el centro de la ciudad.<\/strong> En la jornada del jueves, Alak dej\u00f3 en claro que <a href=\"https:\/\/cdnoticias.com\/index.php\/2021\/02\/19\/polo-judicial-voy-a-visitar-la-obra-para-ver-el-estado-en-que-esta\/\" target=\"_blank\" rel=\"noopener\">una de las razones del freno a los trabajos subyace en \u201cuna investigaci\u00f3n por sobreprecios y pagos por obras no realizadas\u201d en la gesti\u00f3n Vidal.<\/a><\/p>\n<p>&nbsp;<\/p>\n<blockquote><p>En el lugar, adem\u00e1s del diputado provincial C\u00e9sar Valicenti y el subsecretario de Miner\u00eda Federico Aguilera, participaron concejales, otros funcionarios e integrantes del Colegio de Abogados y tambi\u00e9n del Colegio de Ingenieros.<\/p><\/blockquote>\n<p>&nbsp;<\/p>\n<p><img data-recalc-dims=\"1\" loading=\"lazy\" decoding=\"async\" class=\"alignnone size-full wp-image-14203\" src=\"https:\/\/i0.wp.com\/cdnoticias.com\/wp-content\/uploads\/2021\/02\/WhatsApp-Image-2021-02-19-at-10.16.18-1.jpeg?resize=800%2C636&#038;ssl=1\" alt=\"\" width=\"800\" height=\"636\" srcset=\"https:\/\/i0.wp.com\/cdnoticias.com\/wp-content\/uploads\/2021\/02\/WhatsApp-Image-2021-02-19-at-10.16.18-1.jpeg?w=1280&amp;ssl=1 1280w, https:\/\/i0.wp.com\/cdnoticias.com\/wp-content\/uploads\/2021\/02\/WhatsApp-Image-2021-02-19-at-10.16.18-1.jpeg?resize=300%2C239&amp;ssl=1 300w, https:\/\/i0.wp.com\/cdnoticias.com\/wp-content\/uploads\/2021\/02\/WhatsApp-Image-2021-02-19-at-10.16.18-1.jpeg?resize=768%2C611&amp;ssl=1 768w, https:\/\/i0.wp.com\/cdnoticias.com\/wp-content\/uploads\/2021\/02\/WhatsApp-Image-2021-02-19-at-10.16.18-1.jpeg?resize=1024%2C814&amp;ssl=1 1024w\" sizes=\"auto, (max-width: 800px) 100vw, 800px\" \/><\/p>\n<p>&nbsp;<\/p>\n<p>Alak adelant\u00f3 que trabajar\u00e1 para que, mientras avance la causa judicial por posibles delitos con fondos p\u00fablicos, se reanude la <strong>obra que fue incluida en el Presupuesto 2021 y tiene una inversi\u00f3n de m\u00e1s de 235 millones de pesos.<\/strong><\/p>\n<p>&nbsp;<\/p>\n<p><em>Fotos: Ministerio de Justicia de la Provincia<\/em><\/p>\n","protected":false},"excerpt":{"rendered":"<p>Fue en el marco de la agenda del Ministro de Justicia, Julio Alak, en su visita a Olavarr\u00eda. Se\u00f1alaron que<\/p>\n","protected":false},"author":2,"featured_media":14204,"comment_status":"closed","ping_status":"closed","sticky":false,"template":"","format":"standard","meta":{"_jetpack_memberships_contains_paid_content":false,"footnotes":""},"categories":[4,1],"tags":[],"class_list":["post-14202","post","type-post","status-publish","format-standard","has-post-thumbnail","hentry","category-politica","category-portada"],"jetpack_featured_media_url":"https:\/\/i0.wp.com\/cdnoticias.com\/wp-content\/uploads\/2021\/02\/WhatsApp-Image-2021-02-19-at-10.16.18.jpeg?fit=1280%2C1116&ssl=1","jetpack_sharing_enabled":true,"_links":{"self":[{"href":"https:\/\/cdnoticias.com\/index.php\/wp-json\/wp\/v2\/posts\/14202","targetHints":{"allow":["GET"]}}],"collection":[{"href":"https:\/\/cdnoticias.com\/index.php\/wp-json\/wp\/v2\/posts"}],"about":[{"href":"https:\/\/cdnoticias.com\/index.php\/wp-json\/wp\/v2\/types\/post"}],"author":[{"embeddable":true,"href":"https:\/\/cdnoticias.com\/index.php\/wp-json\/wp\/v2\/users\/2"}],"replies":[{"embeddable":true,"href":"https:\/\/cdnoticias.com\/index.php\/wp-json\/wp\/v2\/comments?post=14202"}],"version-history":[{"count":0,"href":"https:\/\/cdnoticias.com\/index.php\/wp-json\/wp\/v2\/posts\/14202\/revisions"}],"wp:featuredmedia":[{"embeddable":true,"href":"https:\/\/cdnoticias.com\/index.php\/wp-json\/wp\/v2\/media\/14204"}],"wp:attachment":[{"href":"https:\/\/cdnoticias.com\/index.php\/wp-json\/wp\/v2\/media?parent=14202"}],"wp:term":[{"taxonomy":"category","embeddable":true,"href":"https:\/\/cdnoticias.com\/index.php\/wp-json\/wp\/v2\/categories?post=14202"},{"taxonomy":"post_tag","embeddable":true,"href":"https:\/\/cdnoticias.com\/index.php\/wp-json\/wp\/v2\/tags?post=14202"}],"curies":[{"name":"wp","href":"https:\/\/api.w.org\/{rel}","templated":true}]}}