{"id":141939,"date":"2021-10-22T16:56:02","date_gmt":"2021-10-22T19:56:02","guid":{"rendered":"http:\/\/centraldeportes.com.ar\/?p=6792"},"modified":"2025-02-01T23:46:13","modified_gmt":"2025-02-02T02:46:13","slug":"vuelve-el-pedestrismo-a-las-calles-olavarrienses","status":"publish","type":"post","link":"https:\/\/cdnoticias.com\/index.php\/2021\/10\/22\/vuelve-el-pedestrismo-a-las-calles-olavarrienses\/","title":{"rendered":"Vuelve el pedestrismo a las calles olavarrienses"},"content":{"rendered":"<p>El pr\u00f3ximo domingo se realizar\u00e1 la 1\u00b0 edici\u00f3n de la Correcaminata del Ceramista en lo que significar\u00e1 el regreso de las pruebas pedestres a Olavarr\u00eda tras la pandemia. Fiscaliza el C\u00edrculo de Atletas Veteranos de Olavarr\u00eda.<!--more--><\/p>\n<hr \/>\n<p>Desde las 10:30 en la intersecci\u00f3n de la avenida Del Valle y calle Almirante Brown regresar\u00e1 la competencia pedestre en la ciudad y ser\u00e1 en la distancia de 9 kil\u00f3metros.<\/p>\n<p>&nbsp;<\/p>\n<p>&#8220;Largamos con el ritmo de Bah\u00eda Ba y premiamos con el ritmo de la banda Queso y Dulce&#8221;, anunciaron los organizadores del evento que adem\u00e1s tendr\u00e1 una prueba recreativa de 3 kil\u00f3metros.<\/p>\n<p>&nbsp;<\/p>\n<p><img data-recalc-dims=\"1\" loading=\"lazy\" decoding=\"async\" class=\"aligncenter size-full wp-image-6794\" src=\"https:\/\/i0.wp.com\/centraldeportes.com.ar\/wp-content\/uploads\/2021\/10\/210.jpg?resize=678%2C960\" alt=\"\" width=\"678\" height=\"960\" \/><\/p>\n<p>&nbsp;<\/p>\n<p>Hasta el s\u00e1bado inclusive, en el horario de 17 a 20, estar\u00e1 abierta la inscripci\u00f3n para los atletas locales en la sede de Soeco ubicada en Coronel Su\u00e1rez 2201. Los corredores de otras ciudades podr\u00e1n hacerlo hasta una hora antes de la carrera.<\/p>\n<p>&nbsp;<\/p>\n<p>Los tres primeros de los 9 kil\u00f3metros recibir\u00e1n de premio \u00f3rdenes de compra, mientras que se entregar\u00e1n trofeos para el 1\u00b0, 2\u00b0 y 3\u00b0 de cada categor\u00eda.<\/p>\n<p>&nbsp;<\/p>\n<p>Adem\u00e1s anuncian sorteos y sorpresas para los participantes.<\/p>\n","protected":false},"excerpt":{"rendered":"<p>El pr\u00f3ximo domingo se realizar\u00e1 la 1\u00b0 edici\u00f3n de la Correcaminata del Ceramista en lo que significar\u00e1 el regreso de<\/p>\n","protected":false},"author":96739694,"featured_media":144506,"comment_status":"closed","ping_status":"closed","sticky":false,"template":"","format":"standard","meta":{"_jetpack_memberships_contains_paid_content":false,"footnotes":""},"categories":[38,1],"tags":[],"class_list":["post-141939","post","type-post","status-publish","format-standard","has-post-thumbnail","hentry","category-pedestrismo","category-portada"],"jetpack_featured_media_url":"https:\/\/i0.wp.com\/cdnoticias.com\/wp-content\/uploads\/2021\/08\/atletismo-3.png?fit=1280%2C853&ssl=1","jetpack_sharing_enabled":true,"_links":{"self":[{"href":"https:\/\/cdnoticias.com\/index.php\/wp-json\/wp\/v2\/posts\/141939","targetHints":{"allow":["GET"]}}],"collection":[{"href":"https:\/\/cdnoticias.com\/index.php\/wp-json\/wp\/v2\/posts"}],"about":[{"href":"https:\/\/cdnoticias.com\/index.php\/wp-json\/wp\/v2\/types\/post"}],"author":[{"embeddable":true,"href":"https:\/\/cdnoticias.com\/index.php\/wp-json\/wp\/v2\/users\/96739694"}],"replies":[{"embeddable":true,"href":"https:\/\/cdnoticias.com\/index.php\/wp-json\/wp\/v2\/comments?post=141939"}],"version-history":[{"count":0,"href":"https:\/\/cdnoticias.com\/index.php\/wp-json\/wp\/v2\/posts\/141939\/revisions"}],"wp:featuredmedia":[{"embeddable":true,"href":"https:\/\/cdnoticias.com\/index.php\/wp-json\/wp\/v2\/media\/144506"}],"wp:attachment":[{"href":"https:\/\/cdnoticias.com\/index.php\/wp-json\/wp\/v2\/media?parent=141939"}],"wp:term":[{"taxonomy":"category","embeddable":true,"href":"https:\/\/cdnoticias.com\/index.php\/wp-json\/wp\/v2\/categories?post=141939"},{"taxonomy":"post_tag","embeddable":true,"href":"https:\/\/cdnoticias.com\/index.php\/wp-json\/wp\/v2\/tags?post=141939"}],"curies":[{"name":"wp","href":"https:\/\/api.w.org\/{rel}","templated":true}]}}