{"id":141935,"date":"2021-10-21T19:44:35","date_gmt":"2021-10-21T22:44:35","guid":{"rendered":"http:\/\/centraldeportes.com.ar\/?p=6758"},"modified":"2025-02-01T23:40:51","modified_gmt":"2025-02-02T02:40:51","slug":"jugadores-de-estudiantes-estuvieron-en-independiente-y-de-hinojo-en-boca","status":"publish","type":"post","link":"https:\/\/cdnoticias.com\/index.php\/2021\/10\/21\/jugadores-de-estudiantes-estuvieron-en-independiente-y-de-hinojo-en-boca\/","title":{"rendered":"Jugadores de Estudiantes estuvieron en Independiente y de Hinojo en Boca"},"content":{"rendered":"<p>Los futbolistas olavarrienses siguen siendo llamados a instancias de pruebas y adem\u00e1s de los representantes de Racing y <a href=\"http:\/\/centraldeportes.com.ar\/los-teritos-tambien-dijeron-presente-en-villa-dominico\/\">Embajadores<\/a>, hubo un numeroso grupo de jugadores de Estudiantes. Adem\u00e1s, un \u201calbiverde\u201d fue llamado por Boca.<!--more--><\/p>\n<hr \/>\n<p>Entre martes y mi\u00e9rcoles pasados, 9 jugadores de la cantera \u201calbinegra\u201d se fueron a probar al Club Atl\u00e9tico Independiente de Avellaneda. En la categor\u00eda 2008 viajaron Pedro Escobar, Amadeo Musotto, Uriel Rossi, Ian Pineda y Luciano D&#8217;onofrio, en la 2009 estuvieron Francisco Di Martino y Justo J\u00e1uregui \u00a0y de la categor\u00eda 2011 estuvieron Bartolom\u00e9 Jauregui y Segundo J\u00e1uregui.<\/p>\n<p>&nbsp;<\/p>\n<p>\u201c<em>No estamos acostumbrados a llevar tanta cantidad de chicos en un solo viaje, gracias a la predisposici\u00f3n de los padres, de los directivos y de Independiente se pudo lograr<\/em>\u201d, recalc\u00f3 Dardo Seibel, coordinador del \u201cBataraz\u201d.<\/p>\n<p>&nbsp;<\/p>\n<p>Por otro lado, el futbolista de la Novena Divisi\u00f3n del Club Atl\u00e9tico Hinojo, Gabriel Espejo se present\u00f3 a un segundo llamado del club Boca Juniors de Capital Federal luego de ser visto en Tapalqu\u00e9 hasta donde hab\u00eda llegado el Departamento de Captaci\u00f3n \u201cXeneize\u201d.<\/p>\n","protected":false},"excerpt":{"rendered":"<p>Los futbolistas olavarrienses siguen siendo llamados a instancias de pruebas y adem\u00e1s de los representantes de Racing y Embajadores, hubo<\/p>\n","protected":false},"author":96739694,"featured_media":144418,"comment_status":"closed","ping_status":"closed","sticky":false,"template":"","format":"standard","meta":{"_jetpack_memberships_contains_paid_content":false,"footnotes":""},"categories":[35,40,1],"tags":[],"class_list":["post-141935","post","type-post","status-publish","format-standard","has-post-thumbnail","hentry","category-futbol","category-inferiores","category-portada"],"jetpack_featured_media_url":"https:\/\/i0.wp.com\/cdnoticias.com\/wp-content\/uploads\/2021\/10\/247082618_10158618545837689_4480809650342037618_n-e1634851937550.jpg?fit=526%2C311&ssl=1","jetpack_sharing_enabled":true,"_links":{"self":[{"href":"https:\/\/cdnoticias.com\/index.php\/wp-json\/wp\/v2\/posts\/141935","targetHints":{"allow":["GET"]}}],"collection":[{"href":"https:\/\/cdnoticias.com\/index.php\/wp-json\/wp\/v2\/posts"}],"about":[{"href":"https:\/\/cdnoticias.com\/index.php\/wp-json\/wp\/v2\/types\/post"}],"author":[{"embeddable":true,"href":"https:\/\/cdnoticias.com\/index.php\/wp-json\/wp\/v2\/users\/96739694"}],"replies":[{"embeddable":true,"href":"https:\/\/cdnoticias.com\/index.php\/wp-json\/wp\/v2\/comments?post=141935"}],"version-history":[{"count":0,"href":"https:\/\/cdnoticias.com\/index.php\/wp-json\/wp\/v2\/posts\/141935\/revisions"}],"wp:featuredmedia":[{"embeddable":true,"href":"https:\/\/cdnoticias.com\/index.php\/wp-json\/wp\/v2\/media\/144418"}],"wp:attachment":[{"href":"https:\/\/cdnoticias.com\/index.php\/wp-json\/wp\/v2\/media?parent=141935"}],"wp:term":[{"taxonomy":"category","embeddable":true,"href":"https:\/\/cdnoticias.com\/index.php\/wp-json\/wp\/v2\/categories?post=141935"},{"taxonomy":"post_tag","embeddable":true,"href":"https:\/\/cdnoticias.com\/index.php\/wp-json\/wp\/v2\/tags?post=141935"}],"curies":[{"name":"wp","href":"https:\/\/api.w.org\/{rel}","templated":true}]}}