{"id":141934,"date":"2021-10-21T18:24:32","date_gmt":"2021-10-21T21:24:32","guid":{"rendered":"http:\/\/centraldeportes.com.ar\/?p=6755"},"modified":"2025-02-01T23:40:52","modified_gmt":"2025-02-02T02:40:52","slug":"representantes-del-club-espanol-compitieron-en-9-de-julio","status":"publish","type":"post","link":"https:\/\/cdnoticias.com\/index.php\/2021\/10\/21\/representantes-del-club-espanol-compitieron-en-9-de-julio\/","title":{"rendered":"Representantes del Club Espa\u00f1ol compitieron en 9 de Julio"},"content":{"rendered":"<p>El pasado fin de semana, deportistas olavarrienses compitieron en 9 de Julio en el segundo Circuito CAB que cont\u00f3 con m\u00e1s de 200 jugadores de todo el pa\u00eds.<!--more--><\/p>\n<hr \/>\n<p>El segundo circuito de la Confederaci\u00f3n Argentina de Billar fue clasificatorio pr\u00f3ximo Mundial 2022 en Italia y para los sudamericanos de cada categor\u00eda, el certamen fue ganado por el M\u00e1ster Ricardo Dieguez del Club Alem de Bol\u00edvar quien venci\u00f3 en la final al m\u00faltiple campe\u00f3n Argentino Walter Ingegnieri.<\/p>\n<p>&nbsp;<\/p>\n<p>Dar\u00edo Rodr\u00edguez y Omar Nicol\u00e1s Margonari viajaron en representaci\u00f3n de la Ciudad y lograron acceder a las instancias de Play-Off y participar del \u00faltimo d\u00eda de competencia contra los M\u00e1ster de la disciplina.<\/p>\n<p>&nbsp;<\/p>\n<p>Por otro lado, el pr\u00f3ximo fin de semana se llevara a cabo en la ciudad de Tandil en el Club Unidos el provincial de tercera categor\u00eda individual, con m\u00e1s de 70 jugadores, por el Club Espa\u00f1ol participaran Juan Farana y V\u00edctor Hugo Di Marco.<\/p>\n<p>&nbsp;<\/p>\n<p>Adem\u00e1s, en las instalaciones del Club Espa\u00f1ol se desarrollar\u00e1 la quinta edici\u00f3n de la Copa Olavarr\u00eda, los venideros 6 y 7 de noviembre. Participar\u00e1n m\u00e1s de 60 jugadores de todo el pa\u00eds, con la presencia confirmada de los M\u00e1ster Ricardo Dieguez y Walter Ingegnieri quienes participaran de la zona junto a jugadores de nuestra ciudad.<\/p>\n<p>&nbsp;<\/p>\n<p>Por \u00faltimo, el 27 de noviembre se jugar\u00e1 el provincial de segunda categor\u00eda y nuestra ciudad estar\u00e1 representada por Leonardo Fiscella y Omar Nicol\u00e1s Margonari.<\/p>\n","protected":false},"excerpt":{"rendered":"<p>El pasado fin de semana, deportistas olavarrienses compitieron en 9 de Julio en el segundo Circuito CAB que cont\u00f3 con<\/p>\n","protected":false},"author":96739694,"featured_media":144420,"comment_status":"closed","ping_status":"closed","sticky":false,"template":"","format":"standard","meta":{"_jetpack_memberships_contains_paid_content":false,"footnotes":""},"categories":[30,1],"tags":[],"class_list":["post-141934","post","type-post","status-publish","format-standard","has-post-thumbnail","hentry","category-polideportivo","category-portada"],"jetpack_featured_media_url":"https:\/\/i0.wp.com\/cdnoticias.com\/wp-content\/uploads\/2021\/10\/20211008_075145_resized-e1634851465196.jpg?fit=1564%2C1156&ssl=1","jetpack_sharing_enabled":true,"_links":{"self":[{"href":"https:\/\/cdnoticias.com\/index.php\/wp-json\/wp\/v2\/posts\/141934","targetHints":{"allow":["GET"]}}],"collection":[{"href":"https:\/\/cdnoticias.com\/index.php\/wp-json\/wp\/v2\/posts"}],"about":[{"href":"https:\/\/cdnoticias.com\/index.php\/wp-json\/wp\/v2\/types\/post"}],"author":[{"embeddable":true,"href":"https:\/\/cdnoticias.com\/index.php\/wp-json\/wp\/v2\/users\/96739694"}],"replies":[{"embeddable":true,"href":"https:\/\/cdnoticias.com\/index.php\/wp-json\/wp\/v2\/comments?post=141934"}],"version-history":[{"count":0,"href":"https:\/\/cdnoticias.com\/index.php\/wp-json\/wp\/v2\/posts\/141934\/revisions"}],"wp:featuredmedia":[{"embeddable":true,"href":"https:\/\/cdnoticias.com\/index.php\/wp-json\/wp\/v2\/media\/144420"}],"wp:attachment":[{"href":"https:\/\/cdnoticias.com\/index.php\/wp-json\/wp\/v2\/media?parent=141934"}],"wp:term":[{"taxonomy":"category","embeddable":true,"href":"https:\/\/cdnoticias.com\/index.php\/wp-json\/wp\/v2\/categories?post=141934"},{"taxonomy":"post_tag","embeddable":true,"href":"https:\/\/cdnoticias.com\/index.php\/wp-json\/wp\/v2\/tags?post=141934"}],"curies":[{"name":"wp","href":"https:\/\/api.w.org\/{rel}","templated":true}]}}