{"id":141931,"date":"2021-10-21T13:16:59","date_gmt":"2021-10-21T16:16:59","guid":{"rendered":"http:\/\/centraldeportes.com.ar\/?p=6746"},"modified":"2025-02-01T23:41:13","modified_gmt":"2025-02-02T02:41:13","slug":"arbitros-locales-rindieron-la-prueba-fisica-del-consejo-federal","status":"publish","type":"post","link":"https:\/\/cdnoticias.com\/index.php\/2021\/10\/21\/arbitros-locales-rindieron-la-prueba-fisica-del-consejo-federal\/","title":{"rendered":"\u00c1rbitros locales rindieron la prueba f\u00edsica del Consejo Federal"},"content":{"rendered":"<p>Los \u00e1rbitros olavarrienses lograron sortear con \u00e9xito la prueba f\u00edsica organizada por el Consejo Federal que se realiz\u00f3 en La Plata.<!--more--><\/p>\n<hr \/>\n<p>Este jueves se realiz\u00f3 la prueba f\u00edsica organizada por el Consejo Federal y los representantes de la Liga de F\u00fatbol de Olavarr\u00eda lograron aprobar.<\/p>\n<p>&nbsp;<\/p>\n<p><img data-recalc-dims=\"1\" loading=\"lazy\" decoding=\"async\" class=\"aligncenter size-full wp-image-6747\" src=\"https:\/\/i0.wp.com\/centraldeportes.com.ar\/wp-content\/uploads\/2021\/10\/WhatsApp-Image-2021-10-21-at-11.34.29.jpeg?resize=800%2C600\" alt=\"\" width=\"800\" height=\"600\" \/><\/p>\n<p>&nbsp;<\/p>\n<p>Jer\u00f3nimo Gallo Cabrera, Lisandro Rodr\u00edguez, Nicol\u00e1s Moreno, Valent\u00edn Pompei, Lautaro Bessia, Francisco Gonz\u00e1lez, Agustina Loos y Augusto Garc\u00eda aprobaron el requerimiento f\u00edsico que se realiz\u00f3 en la pista de atletismo del Estadio \u00danico de La Plata.<\/p>\n","protected":false},"excerpt":{"rendered":"<p>Los \u00e1rbitros olavarrienses lograron sortear con \u00e9xito la prueba f\u00edsica organizada por el Consejo Federal que se realiz\u00f3 en La<\/p>\n","protected":false},"author":96739694,"featured_media":144427,"comment_status":"closed","ping_status":"closed","sticky":false,"template":"","format":"standard","meta":{"_jetpack_memberships_contains_paid_content":false,"footnotes":""},"categories":[35,1,41],"tags":[],"class_list":["post-141931","post","type-post","status-publish","format-standard","has-post-thumbnail","hentry","category-futbol","category-portada","category-primera-y-reserva"],"jetpack_featured_media_url":"https:\/\/i0.wp.com\/cdnoticias.com\/wp-content\/uploads\/2021\/10\/WhatsApp-Image-2021-10-21-at-11.34.30-e1634832977968.jpeg?fit=1124%2C700&ssl=1","jetpack_sharing_enabled":true,"_links":{"self":[{"href":"https:\/\/cdnoticias.com\/index.php\/wp-json\/wp\/v2\/posts\/141931","targetHints":{"allow":["GET"]}}],"collection":[{"href":"https:\/\/cdnoticias.com\/index.php\/wp-json\/wp\/v2\/posts"}],"about":[{"href":"https:\/\/cdnoticias.com\/index.php\/wp-json\/wp\/v2\/types\/post"}],"author":[{"embeddable":true,"href":"https:\/\/cdnoticias.com\/index.php\/wp-json\/wp\/v2\/users\/96739694"}],"replies":[{"embeddable":true,"href":"https:\/\/cdnoticias.com\/index.php\/wp-json\/wp\/v2\/comments?post=141931"}],"version-history":[{"count":0,"href":"https:\/\/cdnoticias.com\/index.php\/wp-json\/wp\/v2\/posts\/141931\/revisions"}],"wp:featuredmedia":[{"embeddable":true,"href":"https:\/\/cdnoticias.com\/index.php\/wp-json\/wp\/v2\/media\/144427"}],"wp:attachment":[{"href":"https:\/\/cdnoticias.com\/index.php\/wp-json\/wp\/v2\/media?parent=141931"}],"wp:term":[{"taxonomy":"category","embeddable":true,"href":"https:\/\/cdnoticias.com\/index.php\/wp-json\/wp\/v2\/categories?post=141931"},{"taxonomy":"post_tag","embeddable":true,"href":"https:\/\/cdnoticias.com\/index.php\/wp-json\/wp\/v2\/tags?post=141931"}],"curies":[{"name":"wp","href":"https:\/\/api.w.org\/{rel}","templated":true}]}}