{"id":141922,"date":"2021-10-19T22:12:19","date_gmt":"2021-10-20T01:12:19","guid":{"rendered":"http:\/\/centraldeportes.com.ar\/?p=6688"},"modified":"2025-02-01T23:41:40","modified_gmt":"2025-02-02T02:41:40","slug":"ya-se-puede-visitar-clasicos-y-antiguos-la-muestra-que-celebra-el-8o-aniversario-del-museo-emiliozzi","status":"publish","type":"post","link":"https:\/\/cdnoticias.com\/index.php\/2021\/10\/19\/ya-se-puede-visitar-clasicos-y-antiguos-la-muestra-que-celebra-el-8o-aniversario-del-museo-emiliozzi\/","title":{"rendered":"Ya se puede visitar \u201cCl\u00e1sicos y Antiguos\u201d, la muestra que celebra el 8\u00ba aniversario del Museo Emiliozzi"},"content":{"rendered":"<p>La muestra se expone en el Centro de Exposiciones Municipal de Olavarr\u00eda (CEMO), y cuenta con autos cl\u00e1sicos de todas las \u00e9pocas. Un espacio especial para la \u201cGalera\u201d de los Hermanos Emiliozzi, y un recorrido por la historia de los \u00eddolos de Olavarr\u00eda. Permanecer\u00e1 abierta al p\u00fablico hasta el domingo, de 12 a 21 horas.<\/p>\n<p><!--more--><\/p>\n<hr \/>\n<p>El Museo Hermanos Emiliozzi cumpli\u00f3 este martes ocho a\u00f1os desde su inauguraci\u00f3n y se celebra con una muestra imperdible de autos cl\u00e1sicos, que desde el Municipio local buscan se convierta en tradici\u00f3n cada a\u00f1o.<\/p>\n<p>&nbsp;<\/p>\n<p>El Intendente Ezequiel Galli, acompa\u00f1ado por los funcionarios Diego Robiani y Bruno Cenizo, junto a la Directora de Cultura, Agustina Marino, la coordinadora del Museo Hermanos Emiliozzi, Susana Mart\u00ednez, directivos del Amco y responsables del Instituto de Ense\u00f1anza Oral de Olavarr\u00eda, entre otros, inauguraron la muestra que ser\u00e1 a beneficio de IDEO, con una entrada que tiene un costo de $200.<\/p>\n<p>&nbsp;<\/p>\n<p>El CEMO luce repleto de autos cl\u00e1sicos de todas las \u00e9pocas, muchos con particularidades bien identificativas de la \u00e9poca, y con un atractivo y cuidado digno de admirar. M\u00e1s de 60 autos cl\u00e1sicos y coleccionables de expositores invitados de Olavarr\u00eda y la regi\u00f3n.<\/p>\n<p>&nbsp;<\/p>\n<p>[soliloquy slug=&#8221;muestra-museo&#8221;]<\/p>\n<p>&nbsp;<\/p>\n<p>El Intendente Ezequiel Galli resalt\u00f3 la importancia de regresar al CEMO, con una muestra que pretende se convierta en un cl\u00e1sico de la Ciudad, para conmemorar cada aniversario del Museo Hermanos Emiliozzi, destacando la conservaci\u00f3n de la \u201cGalera\u201d y la compra realizada por el entonces Intendente de Olavarr\u00eda, Helios Eseverri. Sin olvidarse de todo el trabajo que realizan Agustina Marino y el equipo del Museo que lidera Susana Mart\u00ednez. Tambi\u00e9n resalt\u00f3 la importancia de apoyar la muestra para colaborar con IDEO, otra instituci\u00f3n important\u00edsima de la ciudad.<\/p>\n<p>&nbsp;<\/p>\n<p>La muestra estar\u00e1 abierta el p\u00fablico hasta el 24 de octubre, de 12 a 21 horas, tendr\u00e1 un bono contribuci\u00f3n de $200, y los menores de 12 a\u00f1os ingresar\u00e1n gratuitamente. La recaudaci\u00f3n ser\u00e1 a beneficio del Instituto de Ense\u00f1anza Oral de Olavarr\u00eda (IDEO), quien adem\u00e1s tendr\u00e1 a su cargo el bar, que funciona en el CEMO.<\/p>\n","protected":false},"excerpt":{"rendered":"<p>La muestra se expone en el Centro de Exposiciones Municipal de Olavarr\u00eda (CEMO), y cuenta con autos cl\u00e1sicos de todas<\/p>\n","protected":false},"author":96739694,"featured_media":144443,"comment_status":"closed","ping_status":"closed","sticky":false,"template":"","format":"standard","meta":{"_jetpack_memberships_contains_paid_content":false,"footnotes":""},"categories":[34,1],"tags":[],"class_list":["post-141922","post","type-post","status-publish","format-standard","has-post-thumbnail","hentry","category-automovilismo","category-portada"],"jetpack_featured_media_url":"https:\/\/i0.wp.com\/cdnoticias.com\/wp-content\/uploads\/2021\/10\/museo-14.png?fit=1280%2C853&ssl=1","jetpack_sharing_enabled":true,"_links":{"self":[{"href":"https:\/\/cdnoticias.com\/index.php\/wp-json\/wp\/v2\/posts\/141922","targetHints":{"allow":["GET"]}}],"collection":[{"href":"https:\/\/cdnoticias.com\/index.php\/wp-json\/wp\/v2\/posts"}],"about":[{"href":"https:\/\/cdnoticias.com\/index.php\/wp-json\/wp\/v2\/types\/post"}],"author":[{"embeddable":true,"href":"https:\/\/cdnoticias.com\/index.php\/wp-json\/wp\/v2\/users\/96739694"}],"replies":[{"embeddable":true,"href":"https:\/\/cdnoticias.com\/index.php\/wp-json\/wp\/v2\/comments?post=141922"}],"version-history":[{"count":0,"href":"https:\/\/cdnoticias.com\/index.php\/wp-json\/wp\/v2\/posts\/141922\/revisions"}],"wp:featuredmedia":[{"embeddable":true,"href":"https:\/\/cdnoticias.com\/index.php\/wp-json\/wp\/v2\/media\/144443"}],"wp:attachment":[{"href":"https:\/\/cdnoticias.com\/index.php\/wp-json\/wp\/v2\/media?parent=141922"}],"wp:term":[{"taxonomy":"category","embeddable":true,"href":"https:\/\/cdnoticias.com\/index.php\/wp-json\/wp\/v2\/categories?post=141922"},{"taxonomy":"post_tag","embeddable":true,"href":"https:\/\/cdnoticias.com\/index.php\/wp-json\/wp\/v2\/tags?post=141922"}],"curies":[{"name":"wp","href":"https:\/\/api.w.org\/{rel}","templated":true}]}}