{"id":141918,"date":"2021-10-19T19:38:44","date_gmt":"2021-10-19T22:38:44","guid":{"rendered":"http:\/\/centraldeportes.com.ar\/?p=6654"},"modified":"2025-02-01T23:42:13","modified_gmt":"2025-02-02T02:42:13","slug":"lula-juarez-jugara-en-la-liga-nacional-femenina","status":"publish","type":"post","link":"https:\/\/cdnoticias.com\/index.php\/2021\/10\/19\/lula-juarez-jugara-en-la-liga-nacional-femenina\/","title":{"rendered":"Lula Ju\u00e1rez jugar\u00e1 en La Liga Nacional Femenina"},"content":{"rendered":"<p>La olavarriense que registra un paso inmediato por Ferro, fu confirmada en las \u00faltimas horas como una de las fichas juveniles de Quimsa para la venidera edici\u00f3n de La Liga Nacional Femenina.<!--more--><\/p>\n<hr \/>\n<p>Lula Ju\u00e1rez fue confirmada como una de las bases y ficha juvenil del equipo de Santiago del Estero y se transforma en la primera olavarriense en jugar en la \u00e9lite del b\u00e1squet argentino.<\/p>\n<p>&nbsp;<\/p>\n<p>Ju\u00e1rez que form\u00f3 parte del plantel \u201cCarbonero\u201d que logr\u00f3 el tercer puesto en el Torneo Federal 2019, ya se encuentra entrenando en el equipo multicampe\u00f3n que debutar\u00e1 en el H\u00e9ctor Etchart el pr\u00f3ximo s\u00e1bado ante Berazategui -con transmisi\u00f3n de DeporTV- y el domingo ante Indios.<\/p>\n","protected":false},"excerpt":{"rendered":"<p>La olavarriense que registra un paso inmediato por Ferro, fu confirmada en las \u00faltimas horas como una de las fichas<\/p>\n","protected":false},"author":96739694,"featured_media":144452,"comment_status":"closed","ping_status":"closed","sticky":false,"template":"","format":"standard","meta":{"_jetpack_memberships_contains_paid_content":false,"footnotes":""},"categories":[31,58,36,1],"tags":[],"class_list":["post-141918","post","type-post","status-publish","format-standard","has-post-thumbnail","hentry","category-basquet","category-femenino-basquet","category-liga-nacional","category-portada"],"jetpack_featured_media_url":"https:\/\/i0.wp.com\/cdnoticias.com\/wp-content\/uploads\/2021\/10\/lula-lln.png?fit=1280%2C853&ssl=1","jetpack_sharing_enabled":true,"_links":{"self":[{"href":"https:\/\/cdnoticias.com\/index.php\/wp-json\/wp\/v2\/posts\/141918","targetHints":{"allow":["GET"]}}],"collection":[{"href":"https:\/\/cdnoticias.com\/index.php\/wp-json\/wp\/v2\/posts"}],"about":[{"href":"https:\/\/cdnoticias.com\/index.php\/wp-json\/wp\/v2\/types\/post"}],"author":[{"embeddable":true,"href":"https:\/\/cdnoticias.com\/index.php\/wp-json\/wp\/v2\/users\/96739694"}],"replies":[{"embeddable":true,"href":"https:\/\/cdnoticias.com\/index.php\/wp-json\/wp\/v2\/comments?post=141918"}],"version-history":[{"count":0,"href":"https:\/\/cdnoticias.com\/index.php\/wp-json\/wp\/v2\/posts\/141918\/revisions"}],"wp:featuredmedia":[{"embeddable":true,"href":"https:\/\/cdnoticias.com\/index.php\/wp-json\/wp\/v2\/media\/144452"}],"wp:attachment":[{"href":"https:\/\/cdnoticias.com\/index.php\/wp-json\/wp\/v2\/media?parent=141918"}],"wp:term":[{"taxonomy":"category","embeddable":true,"href":"https:\/\/cdnoticias.com\/index.php\/wp-json\/wp\/v2\/categories?post=141918"},{"taxonomy":"post_tag","embeddable":true,"href":"https:\/\/cdnoticias.com\/index.php\/wp-json\/wp\/v2\/tags?post=141918"}],"curies":[{"name":"wp","href":"https:\/\/api.w.org\/{rel}","templated":true}]}}