{"id":141916,"date":"2021-10-19T16:06:42","date_gmt":"2021-10-19T19:06:42","guid":{"rendered":"http:\/\/centraldeportes.com.ar\/?p=6637"},"modified":"2025-02-01T23:42:30","modified_gmt":"2025-02-02T02:42:30","slug":"subcampeonato-para-los-lobos-en-san-luis","status":"publish","type":"post","link":"https:\/\/cdnoticias.com\/index.php\/2021\/10\/19\/subcampeonato-para-los-lobos-en-san-luis\/","title":{"rendered":"Subcampeonato para Los Lobos en San Luis"},"content":{"rendered":"<p>Volvieron las competencias de newcom y el equipo olavarriense de Los Lobos se present\u00f3 en el Campeonato Nacional donde logr\u00f3 el subcampeonato.<!--more--><\/p>\n<hr \/>\n<p>El pasado fin de semana se realiz\u00f3 un Torneo Nacional en Merlo que cont\u00f3 con la presencia de 20 equipos en la categor\u00eda +60 y otros 12 en +50 y en la divisional menor compiti\u00f3 el equipo de Los Lobos que lograron el subcampeonato en su regreso a las competencias.<\/p>\n<p>&nbsp;<\/p>\n<p>En el primero de los torneos post-pandemia, el certamen cont\u00f3 con la participaci\u00f3n de todos los representativos campeones de los Evita desde el 2014 en adelante.<\/p>\n<p>&nbsp;<\/p>\n<p>Durante el primer d\u00eda en San Luis, el equipo de Pueblo Nuevo gan\u00f3 sus dos primeros partidos, a Deportivo Madryn por 2 a 1 y a Paran\u00e1 Rojo por 2 a 0 y completando la jornada clasificatoria sum\u00f3 otras 3 victorias, ante Santiago del Estero Guerreros del Aura y ante Las Luci\u00e9rnagas, todos por 2 a 0.<\/p>\n<p>&nbsp;<\/p>\n<p>El domingo fue turno de la eliminaci\u00f3n directa y en Cuartos de Final vencieron por 2 a 1 a Correcaminos con parciales de 15\/10 14\/16 y 10\/6 y en Semifinales derrot\u00f3 a Monteros por 2 a 0 con parciales por 15\/13 17\/15. En la Final, jugado al aire libre y con tormenta de viento mediante, cay\u00f3 categ\u00f3ricamente ante Deportivo Madryn por 2 a 0 con parciales de 15\/5 15\/11.<\/p>\n<p>&nbsp;<\/p>\n<p>Por Los Lobos viajaron Silvia Mieri, Susana Dieterle, Glsdys Bruno, Liliana Dom\u00ednguez, Daniel Prester, Luis Martel y Gabriel Rosatto y se sumaron como refuerzos Diana Carr\u00e1, H\u00e9ctor Castillo y Fernando Inchasuspe. Adem\u00e1s Pedro Goyeneche y Miriam Su\u00e1rez reforzaron diferentes equipos.<\/p>\n","protected":false},"excerpt":{"rendered":"<p>Volvieron las competencias de newcom y el equipo olavarriense de Los Lobos se present\u00f3 en el Campeonato Nacional donde logr\u00f3<\/p>\n","protected":false},"author":96739694,"featured_media":144456,"comment_status":"closed","ping_status":"closed","sticky":false,"template":"","format":"standard","meta":{"_jetpack_memberships_contains_paid_content":false,"footnotes":""},"categories":[30,1],"tags":[],"class_list":["post-141916","post","type-post","status-publish","format-standard","has-post-thumbnail","hentry","category-polideportivo","category-portada"],"jetpack_featured_media_url":"https:\/\/i0.wp.com\/cdnoticias.com\/wp-content\/uploads\/2021\/10\/WhatsApp-Image-2021-10-16-at-00.22.47-e1634670378781.jpeg?fit=1200%2C748&ssl=1","jetpack_sharing_enabled":true,"_links":{"self":[{"href":"https:\/\/cdnoticias.com\/index.php\/wp-json\/wp\/v2\/posts\/141916","targetHints":{"allow":["GET"]}}],"collection":[{"href":"https:\/\/cdnoticias.com\/index.php\/wp-json\/wp\/v2\/posts"}],"about":[{"href":"https:\/\/cdnoticias.com\/index.php\/wp-json\/wp\/v2\/types\/post"}],"author":[{"embeddable":true,"href":"https:\/\/cdnoticias.com\/index.php\/wp-json\/wp\/v2\/users\/96739694"}],"replies":[{"embeddable":true,"href":"https:\/\/cdnoticias.com\/index.php\/wp-json\/wp\/v2\/comments?post=141916"}],"version-history":[{"count":0,"href":"https:\/\/cdnoticias.com\/index.php\/wp-json\/wp\/v2\/posts\/141916\/revisions"}],"wp:featuredmedia":[{"embeddable":true,"href":"https:\/\/cdnoticias.com\/index.php\/wp-json\/wp\/v2\/media\/144456"}],"wp:attachment":[{"href":"https:\/\/cdnoticias.com\/index.php\/wp-json\/wp\/v2\/media?parent=141916"}],"wp:term":[{"taxonomy":"category","embeddable":true,"href":"https:\/\/cdnoticias.com\/index.php\/wp-json\/wp\/v2\/categories?post=141916"},{"taxonomy":"post_tag","embeddable":true,"href":"https:\/\/cdnoticias.com\/index.php\/wp-json\/wp\/v2\/tags?post=141916"}],"curies":[{"name":"wp","href":"https:\/\/api.w.org\/{rel}","templated":true}]}}