{"id":141902,"date":"2021-10-17T12:28:16","date_gmt":"2021-10-17T15:28:16","guid":{"rendered":"http:\/\/centraldeportes.com.ar\/?p=6539"},"modified":"2025-02-01T22:30:36","modified_gmt":"2025-02-02T01:30:36","slug":"gustavo-romanello-es-el-dt-de-ferro","status":"publish","type":"post","link":"https:\/\/cdnoticias.com\/index.php\/2021\/10\/17\/gustavo-romanello-es-el-dt-de-ferro\/","title":{"rendered":"Gustavo Romanello es el DT de Ferro"},"content":{"rendered":"<p>A \u00faltima hora del s\u00e1bado se confirm\u00f3 que Gustavo Romanello ser\u00e1 el nuevo director t\u00e9cnico de Ferro en el venidero Torneo Regional Amateur.<!--more--><\/p>\n<hr \/>\n<p>Pensando en el comienzo de la competencia que se dar\u00e1 a fines del mes de noviembre, Ferro se asegur\u00f3 al DT y a dos refuerzos, ya que ser\u00e1n jugadores del \u201cCarbonero\u201d Quimey Mar\u00edn y Ger\u00f3nimo Candia.<\/p>\n<p>&nbsp;<\/p>\n<p>Gustavo Romanello tendr\u00e1 su segundo ciclo como entrenador de Ferro Carril Sud seg\u00fan inform\u00f3 la entidad que obtuvo su <a href=\"http:\/\/centraldeportes.com.ar\/ferro-tambien-jugara-el-regional-amateur-fue-invitado-por-el-consejo-federal\/\">licencia deportiva<\/a> y jugar\u00e1 en la \u00faltima categor\u00eda del ascenso nacional de la AFA.<\/p>\n<p>&nbsp;<\/p>\n<p>Previamente, se hab\u00eda confirmado que Quimey Mar\u00edn y Ger\u00f3nimo Candia pasar\u00e1n a jugar para Ferro.<\/p>\n<p>&nbsp;<\/p>\n<p>Seg\u00fan se supo, no habr\u00eda cambios en el \u00e1mbito local por lo que el entrenador seguir\u00e1 siendo C\u00e9sar Arb\u00edo.<\/p>\n","protected":false},"excerpt":{"rendered":"<p>A \u00faltima hora del s\u00e1bado se confirm\u00f3 que Gustavo Romanello ser\u00e1 el nuevo director t\u00e9cnico de Ferro en el venidero<\/p>\n","protected":false},"author":96739694,"featured_media":144334,"comment_status":"closed","ping_status":"closed","sticky":false,"template":"","format":"standard","meta":{"_jetpack_memberships_contains_paid_content":false,"footnotes":""},"categories":[35,1,41],"tags":[],"class_list":["post-141902","post","type-post","status-publish","format-standard","has-post-thumbnail","hentry","category-futbol","category-portada","category-primera-y-reserva"],"jetpack_featured_media_url":"https:\/\/i0.wp.com\/cdnoticias.com\/wp-content\/uploads\/2021\/10\/romanello.jpg?fit=800%2C533&ssl=1","jetpack_sharing_enabled":true,"_links":{"self":[{"href":"https:\/\/cdnoticias.com\/index.php\/wp-json\/wp\/v2\/posts\/141902","targetHints":{"allow":["GET"]}}],"collection":[{"href":"https:\/\/cdnoticias.com\/index.php\/wp-json\/wp\/v2\/posts"}],"about":[{"href":"https:\/\/cdnoticias.com\/index.php\/wp-json\/wp\/v2\/types\/post"}],"author":[{"embeddable":true,"href":"https:\/\/cdnoticias.com\/index.php\/wp-json\/wp\/v2\/users\/96739694"}],"replies":[{"embeddable":true,"href":"https:\/\/cdnoticias.com\/index.php\/wp-json\/wp\/v2\/comments?post=141902"}],"version-history":[{"count":0,"href":"https:\/\/cdnoticias.com\/index.php\/wp-json\/wp\/v2\/posts\/141902\/revisions"}],"wp:featuredmedia":[{"embeddable":true,"href":"https:\/\/cdnoticias.com\/index.php\/wp-json\/wp\/v2\/media\/144334"}],"wp:attachment":[{"href":"https:\/\/cdnoticias.com\/index.php\/wp-json\/wp\/v2\/media?parent=141902"}],"wp:term":[{"taxonomy":"category","embeddable":true,"href":"https:\/\/cdnoticias.com\/index.php\/wp-json\/wp\/v2\/categories?post=141902"},{"taxonomy":"post_tag","embeddable":true,"href":"https:\/\/cdnoticias.com\/index.php\/wp-json\/wp\/v2\/tags?post=141902"}],"curies":[{"name":"wp","href":"https:\/\/api.w.org\/{rel}","templated":true}]}}