{"id":141901,"date":"2021-10-17T12:28:47","date_gmt":"2021-10-17T15:28:47","guid":{"rendered":"http:\/\/centraldeportes.com.ar\/?p=6536"},"modified":"2025-02-01T22:30:33","modified_gmt":"2025-02-02T01:30:33","slug":"no-fue-una-buena-fecha-para-los-olavarrienses-en-primera-division","status":"publish","type":"post","link":"https:\/\/cdnoticias.com\/index.php\/2021\/10\/17\/no-fue-una-buena-fecha-para-los-olavarrienses-en-primera-division\/","title":{"rendered":"No fue una buena fecha para los olavarrienses en Primera Divisi\u00f3n"},"content":{"rendered":"<p>Lucas Janson, Braian Salvareschi y Pedro De la Vega sumaron minutos en la 16\u00b0 fecha del \u201cTorneo de los Socios\u201d organizado por la Asociaci\u00f3n de F\u00fatbol Argentino y V\u00e9lez y Lan\u00fas lograron sumar un punto.<!--more--><\/p>\n<hr \/>\n<p>&nbsp;<\/p>\n<p>En la noche del viernes, V\u00e9lez igual\u00f3 sin goles ante Arsenal en el Jos\u00e9 Amalfitani y entre la alineaci\u00f3n titular de los locales se encontr\u00f3 Lucas Janson. El olavarriense sali\u00f3 reemplazado a los 66\u00b4.<\/p>\n<p>&nbsp;<\/p>\n<p>El s\u00e1bado en primer turno, Sarmiento y Uni\u00f3n brindaron un partidazo y fue triunfo para el equipo santafesino por 4 a 3. Braian Salvareschi fue titular en el \u201cverde\u201d juninense que no pudo estirar la racha.<\/p>\n<p>&nbsp;<\/p>\n<p>Para cerrar la jornada sabatina, se disput\u00f3 el cl\u00e1sico del sur en la \u201cFortaleza Granate\u201d y fue empate 1 a 1entre Banfield y Lan\u00fas que tuvo a Pedro De la Vega ingresando desde el banco y a pedido de la hinchada local.<\/p>\n","protected":false},"excerpt":{"rendered":"<p>Lucas Janson, Braian Salvareschi y Pedro De la Vega sumaron minutos en la 16\u00b0 fecha del \u201cTorneo de los Socios\u201d<\/p>\n","protected":false},"author":96739694,"featured_media":144332,"comment_status":"closed","ping_status":"closed","sticky":false,"template":"","format":"standard","meta":{"_jetpack_memberships_contains_paid_content":false,"footnotes":""},"categories":[35,37,1],"tags":[],"class_list":["post-141901","post","type-post","status-publish","format-standard","has-post-thumbnail","hentry","category-futbol","category-futbol-profesional","category-portada"],"jetpack_featured_media_url":"https:\/\/i0.wp.com\/cdnoticias.com\/wp-content\/uploads\/2021\/10\/velez-arsenal_1440x810_wmk.jpg?fit=1440%2C810&ssl=1","jetpack_sharing_enabled":true,"_links":{"self":[{"href":"https:\/\/cdnoticias.com\/index.php\/wp-json\/wp\/v2\/posts\/141901","targetHints":{"allow":["GET"]}}],"collection":[{"href":"https:\/\/cdnoticias.com\/index.php\/wp-json\/wp\/v2\/posts"}],"about":[{"href":"https:\/\/cdnoticias.com\/index.php\/wp-json\/wp\/v2\/types\/post"}],"author":[{"embeddable":true,"href":"https:\/\/cdnoticias.com\/index.php\/wp-json\/wp\/v2\/users\/96739694"}],"replies":[{"embeddable":true,"href":"https:\/\/cdnoticias.com\/index.php\/wp-json\/wp\/v2\/comments?post=141901"}],"version-history":[{"count":0,"href":"https:\/\/cdnoticias.com\/index.php\/wp-json\/wp\/v2\/posts\/141901\/revisions"}],"wp:featuredmedia":[{"embeddable":true,"href":"https:\/\/cdnoticias.com\/index.php\/wp-json\/wp\/v2\/media\/144332"}],"wp:attachment":[{"href":"https:\/\/cdnoticias.com\/index.php\/wp-json\/wp\/v2\/media?parent=141901"}],"wp:term":[{"taxonomy":"category","embeddable":true,"href":"https:\/\/cdnoticias.com\/index.php\/wp-json\/wp\/v2\/categories?post=141901"},{"taxonomy":"post_tag","embeddable":true,"href":"https:\/\/cdnoticias.com\/index.php\/wp-json\/wp\/v2\/tags?post=141901"}],"curies":[{"name":"wp","href":"https:\/\/api.w.org\/{rel}","templated":true}]}}