{"id":141885,"date":"2021-10-15T12:44:03","date_gmt":"2021-10-15T15:44:03","guid":{"rendered":"http:\/\/centraldeportes.com.ar\/?p=6414"},"modified":"2025-02-01T18:38:09","modified_gmt":"2025-02-01T21:38:09","slug":"paloma-routaboul-ya-se-entrena-en-las-panteritas","status":"publish","type":"post","link":"https:\/\/cdnoticias.com\/index.php\/2021\/10\/15\/paloma-routaboul-ya-se-entrena-en-las-panteritas\/","title":{"rendered":"Paloma Routaboul ya se entrena en \u201cLas Panteritas\u201d"},"content":{"rendered":"<p>La jugadora del Club Estudiantes inici\u00f3 los entrenamientos con la Selecci\u00f3n Argentina Sub16 en el transcurso del pasado jueves.<!--more--><\/p>\n<hr \/>\n<p>Paloma Routaboul lleg\u00f3 al Centro Nacional de Alto Rendimiento Deportivo donde se realiza una concentraci\u00f3n de la Selecci\u00f3n Argentina de v\u00f3ley para la categor\u00eda Sub16.<\/p>\n<p>&nbsp;<\/p>\n<p>La deportista de 15 a\u00f1os estar\u00e1 en el <a href=\"http:\/\/centraldeportes.com.ar\/una-jugadora-de-estudiantes-convocada-a-la-seleccion-argentina\/\">Cenard<\/a> hasta el 22 de octubre a las \u00f3rdenes del cuerpo t\u00e9cnico de la \u201calbiceleste\u201d con compa\u00f1eras de distintas partes del pa\u00eds que tambi\u00e9n fueron convocadas.<\/p>\n","protected":false},"excerpt":{"rendered":"<p>La jugadora del Club Estudiantes inici\u00f3 los entrenamientos con la Selecci\u00f3n Argentina Sub16 en el transcurso del pasado jueves.<\/p>\n","protected":false},"author":96739694,"featured_media":0,"comment_status":"closed","ping_status":"closed","sticky":false,"template":"","format":"standard","meta":{"_jetpack_memberships_contains_paid_content":false,"footnotes":""},"categories":[30,1],"tags":[],"class_list":["post-141885","post","type-post","status-publish","format-standard","hentry","category-polideportivo","category-portada"],"jetpack_featured_media_url":"","jetpack_sharing_enabled":true,"_links":{"self":[{"href":"https:\/\/cdnoticias.com\/index.php\/wp-json\/wp\/v2\/posts\/141885","targetHints":{"allow":["GET"]}}],"collection":[{"href":"https:\/\/cdnoticias.com\/index.php\/wp-json\/wp\/v2\/posts"}],"about":[{"href":"https:\/\/cdnoticias.com\/index.php\/wp-json\/wp\/v2\/types\/post"}],"author":[{"embeddable":true,"href":"https:\/\/cdnoticias.com\/index.php\/wp-json\/wp\/v2\/users\/96739694"}],"replies":[{"embeddable":true,"href":"https:\/\/cdnoticias.com\/index.php\/wp-json\/wp\/v2\/comments?post=141885"}],"version-history":[{"count":0,"href":"https:\/\/cdnoticias.com\/index.php\/wp-json\/wp\/v2\/posts\/141885\/revisions"}],"wp:attachment":[{"href":"https:\/\/cdnoticias.com\/index.php\/wp-json\/wp\/v2\/media?parent=141885"}],"wp:term":[{"taxonomy":"category","embeddable":true,"href":"https:\/\/cdnoticias.com\/index.php\/wp-json\/wp\/v2\/categories?post=141885"},{"taxonomy":"post_tag","embeddable":true,"href":"https:\/\/cdnoticias.com\/index.php\/wp-json\/wp\/v2\/tags?post=141885"}],"curies":[{"name":"wp","href":"https:\/\/api.w.org\/{rel}","templated":true}]}}