{"id":141881,"date":"2021-10-14T16:55:00","date_gmt":"2021-10-14T19:55:00","guid":{"rendered":"http:\/\/centraldeportes.com.ar\/?p=6390"},"modified":"2025-02-01T18:38:19","modified_gmt":"2025-02-01T21:38:19","slug":"acuerdo-entre-la-municipalidad-racing-y-los-ciclistas-la-pista-sera-municipal","status":"publish","type":"post","link":"https:\/\/cdnoticias.com\/index.php\/2021\/10\/14\/acuerdo-entre-la-municipalidad-racing-y-los-ciclistas-la-pista-sera-municipal\/","title":{"rendered":"Acuerdo entre la Municipalidad, Racing y los ciclistas: la pista ser\u00e1 municipal"},"content":{"rendered":"<p style=\"text-align: justify;\">Tras la pol\u00e9mica por el <a href=\"http:\/\/centraldeportes.com.ar\/manifestacion-de-ciclistas-en-contra-del-desalojo\/\">cierre del predio<\/a>, las protestas de los ciclistas y varias charlas, el Intendente firm\u00f3 un acta acuerdo con Racing para donar el lugar a la comuna y gestionarlo. Construir\u00e1n, all\u00ed, un gimnasio que utilizar\u00e1 el b\u00e1squet, v\u00f3ley y handball.<!--more--><\/p>\n<hr \/>\n<p style=\"text-align: justify;\"><em>\u201cLa pista de ciclismo de Racing pasa a ser municipal, creo que es una gran noticia para todos. Venimos trabajando con la gente del club hace rato y quer\u00edamos aprovechar para juntar las actividades\u201d,<\/em> dijo el intendente Galli, en el marco de la firma de un acta acuerdo con el presidente de Racing Club, Mario Giacomasso, que se realiz\u00f3 este jueves al mediod\u00eda, en el Sal\u00f3n Blanco de la Municipalidad.<\/p>\n<p>&nbsp;<\/p>\n<blockquote>\n<p style=\"text-align: justify;\">Mediante este acuerdo, la entidad deportiva se comprometi\u00f3 a instrumentar la donaci\u00f3n de la pista de ciclismo, a favor del Municipio de Olavarr\u00eda.<\/p>\n<\/blockquote>\n<p>&nbsp;<\/p>\n<p style=\"text-align: justify;\">En la oportunidad se encontraban presentes, integrantes de la <a href=\"http:\/\/centraldeportes.com.ar\/dirigentes-del-ciclismo-se-reunieron-con-autoridades-municipales\/\">Uni\u00f3n de Ciclistas de Olavarr\u00eda<\/a>, entre ellos su presidente Mario Di Martino, quienes mostraron su gran emoci\u00f3n ante la sorpresa del anuncio. Participaron del encuentro -adem\u00e1s- el secretario de Desarrollo Humano y Calidad de Vida Diego Robbiani,\u00a0 el subsecretario de Deportes y Recreaci\u00f3n Juan Agust\u00edn Galli y el vicepresidente de Racing Roberto Ciuffetelli.<\/p>\n<p>&nbsp;<\/p>\n<blockquote>\n<p style=\"text-align: justify;\">\u201cEs una noticia muy linda para el deporte\u201d<\/p>\n<\/blockquote>\n<p>&nbsp;<\/p>\n<p style=\"text-align: justify;\">Sobre el final, Giacomasso en los agradecimientos, resalt\u00f3 que \u201cel di\u00e1logo fue important\u00edsimo todo el tiempo. Son esas cosas lindas, cuando se sabe que traccionando todos juntos son m\u00e1s deportistas en la instituci\u00f3n y todos sabemos el valor de eso\u201d.<\/p>\n<p>&nbsp;<\/p>\n<p><img data-recalc-dims=\"1\" loading=\"lazy\" decoding=\"async\" class=\"aligncenter size-full wp-image-6392\" src=\"https:\/\/i0.wp.com\/centraldeportes.com.ar\/wp-content\/uploads\/2021\/10\/Deportes-Pista-de-ciclismo-4-scaled.jpg?resize=800%2C535\" alt=\"\" width=\"800\" height=\"535\" \/><\/p>\n<p>&nbsp;<\/p>\n<p style=\"text-align: justify;\">\u201c<strong><em>Lo ven\u00edamos buscando hace much\u00edsimos a\u00f1os. Se hab\u00eda hecho muy dif\u00edcil. Estamos totalmente dispuestos a trabajar en ese predio. Es perfecto el lugar para nosotros<\/em><\/strong>\u201d, destac\u00f3 Di Martino.<\/p>\n<p>&nbsp;<\/p>\n<p style=\"text-align: justify;\">Quer\u00e9s enterarte del acuerdo que incluye la construcci\u00f3n de un gimnasio para el v\u00f3ley, handball y b\u00e1squet entra a <a href=\"https:\/\/www.centraldenoticias.com.ar\/index.php\/2021\/10\/14\/la-pista-de-ciclismo-de-racing-pasara-a-ser-municipal\/\">www.centraldenoticias.com.ar<\/a><\/p>\n","protected":false},"excerpt":{"rendered":"<p>Tras la pol\u00e9mica por el cierre del predio, las protestas de los ciclistas y varias charlas, el Intendente firm\u00f3 un<\/p>\n","protected":false},"author":96739694,"featured_media":144285,"comment_status":"closed","ping_status":"closed","sticky":false,"template":"","format":"standard","meta":{"_jetpack_memberships_contains_paid_content":false,"footnotes":""},"categories":[30,1],"tags":[],"class_list":["post-141881","post","type-post","status-publish","format-standard","has-post-thumbnail","hentry","category-polideportivo","category-portada"],"jetpack_featured_media_url":"https:\/\/i0.wp.com\/cdnoticias.com\/wp-content\/uploads\/2021\/10\/Deportes-Pista-de-ciclismo-1-scaled.jpg?fit=2560%2C1711&ssl=1","jetpack_sharing_enabled":true,"_links":{"self":[{"href":"https:\/\/cdnoticias.com\/index.php\/wp-json\/wp\/v2\/posts\/141881","targetHints":{"allow":["GET"]}}],"collection":[{"href":"https:\/\/cdnoticias.com\/index.php\/wp-json\/wp\/v2\/posts"}],"about":[{"href":"https:\/\/cdnoticias.com\/index.php\/wp-json\/wp\/v2\/types\/post"}],"author":[{"embeddable":true,"href":"https:\/\/cdnoticias.com\/index.php\/wp-json\/wp\/v2\/users\/96739694"}],"replies":[{"embeddable":true,"href":"https:\/\/cdnoticias.com\/index.php\/wp-json\/wp\/v2\/comments?post=141881"}],"version-history":[{"count":0,"href":"https:\/\/cdnoticias.com\/index.php\/wp-json\/wp\/v2\/posts\/141881\/revisions"}],"wp:featuredmedia":[{"embeddable":true,"href":"https:\/\/cdnoticias.com\/index.php\/wp-json\/wp\/v2\/media\/144285"}],"wp:attachment":[{"href":"https:\/\/cdnoticias.com\/index.php\/wp-json\/wp\/v2\/media?parent=141881"}],"wp:term":[{"taxonomy":"category","embeddable":true,"href":"https:\/\/cdnoticias.com\/index.php\/wp-json\/wp\/v2\/categories?post=141881"},{"taxonomy":"post_tag","embeddable":true,"href":"https:\/\/cdnoticias.com\/index.php\/wp-json\/wp\/v2\/tags?post=141881"}],"curies":[{"name":"wp","href":"https:\/\/api.w.org\/{rel}","templated":true}]}}