{"id":141875,"date":"2021-10-13T17:19:03","date_gmt":"2021-10-13T20:19:03","guid":{"rendered":"http:\/\/centraldeportes.com.ar\/?p=6336"},"modified":"2025-02-01T18:38:32","modified_gmt":"2025-02-01T21:38:32","slug":"duilio-botella-tuvo-su-primer-entrenamiento-en-racing","status":"publish","type":"post","link":"https:\/\/cdnoticias.com\/index.php\/2021\/10\/13\/duilio-botella-tuvo-su-primer-entrenamiento-en-racing\/","title":{"rendered":"Duilio Botella tuvo su primer entrenamiento en Racing"},"content":{"rendered":"<p>Este mi\u00e9rcoles lleg\u00f3 el primer entrenamiento de Duilio Botella al mando de Racing de cara al Torneo Regional Amateur.<!--more--><\/p>\n<hr \/>\n<p>Luego de haber realizado el anuncio a fines del mes de octubre, comenz\u00f3 el segundo ciclo de Duilio Botella que se present\u00f3 ante los jugadores y dirigi\u00f3 la primera pr\u00e1ctica.<\/p>\n<p>&nbsp;<\/p>\n<p>Botella lleg\u00f3 acompa\u00f1ado por Mario Giacomaso, presidente \u201cChaira\u201d y tras la presentaci\u00f3n formal se dispuso un partido de f\u00fatbol.<\/p>\n<p>&nbsp;<\/p>\n<p>El tandilense tendr\u00e1 como asistente a Roberto Tucker y seguir\u00e1 trabajando con el plantel en el Torneo Apertura \u201cNorberto Desanzo\u201d con miras al inicio del Torneo Regional Amateur previsto para fines del mes de noviembre.<\/p>\n","protected":false},"excerpt":{"rendered":"<p>Este mi\u00e9rcoles lleg\u00f3 el primer entrenamiento de Duilio Botella al mando de Racing de cara al Torneo Regional Amateur.<\/p>\n","protected":false},"author":96739694,"featured_media":0,"comment_status":"closed","ping_status":"closed","sticky":false,"template":"","format":"standard","meta":{"_jetpack_memberships_contains_paid_content":false,"footnotes":""},"categories":[35,1,41],"tags":[],"class_list":["post-141875","post","type-post","status-publish","format-standard","hentry","category-futbol","category-portada","category-primera-y-reserva"],"jetpack_featured_media_url":"","jetpack_sharing_enabled":true,"_links":{"self":[{"href":"https:\/\/cdnoticias.com\/index.php\/wp-json\/wp\/v2\/posts\/141875","targetHints":{"allow":["GET"]}}],"collection":[{"href":"https:\/\/cdnoticias.com\/index.php\/wp-json\/wp\/v2\/posts"}],"about":[{"href":"https:\/\/cdnoticias.com\/index.php\/wp-json\/wp\/v2\/types\/post"}],"author":[{"embeddable":true,"href":"https:\/\/cdnoticias.com\/index.php\/wp-json\/wp\/v2\/users\/96739694"}],"replies":[{"embeddable":true,"href":"https:\/\/cdnoticias.com\/index.php\/wp-json\/wp\/v2\/comments?post=141875"}],"version-history":[{"count":0,"href":"https:\/\/cdnoticias.com\/index.php\/wp-json\/wp\/v2\/posts\/141875\/revisions"}],"wp:attachment":[{"href":"https:\/\/cdnoticias.com\/index.php\/wp-json\/wp\/v2\/media?parent=141875"}],"wp:term":[{"taxonomy":"category","embeddable":true,"href":"https:\/\/cdnoticias.com\/index.php\/wp-json\/wp\/v2\/categories?post=141875"},{"taxonomy":"post_tag","embeddable":true,"href":"https:\/\/cdnoticias.com\/index.php\/wp-json\/wp\/v2\/tags?post=141875"}],"curies":[{"name":"wp","href":"https:\/\/api.w.org\/{rel}","templated":true}]}}