{"id":141870,"date":"2021-10-12T18:21:11","date_gmt":"2021-10-12T21:21:11","guid":{"rendered":"http:\/\/centraldeportes.com.ar\/?p=6320"},"modified":"2025-02-01T18:38:47","modified_gmt":"2025-02-01T21:38:47","slug":"reinauguracion-en-el-tiro-federal-es-una-sorpresa-que-el-stand-lleve-mi-nombre","status":"publish","type":"post","link":"https:\/\/cdnoticias.com\/index.php\/2021\/10\/12\/reinauguracion-en-el-tiro-federal-es-una-sorpresa-que-el-stand-lleve-mi-nombre\/","title":{"rendered":"Reinauguraci\u00f3n en el Tiro Federal: \u201cEs una sorpresa que el stand lleve mi nombre\u201d"},"content":{"rendered":"<p>Lola S\u00e1nchez se mostr\u00f3 sorprendida por la decisi\u00f3n de la Comisi\u00f3n Directiva del Tiro Federal de Olavarr\u00eda que nombr\u00f3 al stand de arma neum\u00e1tica y lo present\u00f3 el pasado viernes en el <a href=\"http:\/\/centraldeportes.com.ar\/el-tiro-federal-recibio-a-la-olavarriense-mundialista\/\">recibimiento<\/a> a la deportista que particip\u00f3 del Mundial Junior.<!--more--><\/p>\n<hr \/>\n<p>\u201c<strong><em>Estuve en el proceso de remodelaci\u00f3n, vimos otros, pero no esperaba que llevara mi nombre, es una sorpresa enorme<\/em><\/strong>\u201d, dijo Lola S\u00e1nchez tras los abrazos, lagrimas y aplausos del grupo de allegados que se acerc\u00f3 hasta el Tiro Federal para el recibimiento a la deportista que se present\u00f3 en Lima en el Campeonato Mundial Junior.<\/p>\n<p>&nbsp;<\/p>\n<p>La deportista que se inici\u00f3 en la actividad hace una d\u00e9cada destac\u00f3 que el pol\u00edgono \u201c<em>va a seguir siendo mi casa por mucho tiempo<\/em>\u201d y que \u201c<em>la gente del tiro es como una segunda familia<\/em>\u201d por eso \u201c<strong><em>no s\u00e9 c\u00f3mo reaccionar a el espacio lleve mi nombre, es un orgullo y a\u00fan no me doy cuenta como repercute lo que hago<\/em><\/strong>\u201d.<\/p>\n<p>&nbsp;<\/p>\n<p><img data-recalc-dims=\"1\" loading=\"lazy\" decoding=\"async\" class=\"aligncenter size-full wp-image-6097\" src=\"https:\/\/i0.wp.com\/centraldeportes.com.ar\/wp-content\/uploads\/2021\/10\/tiro-2.png?resize=800%2C533\" alt=\"\" width=\"800\" height=\"533\" \/><\/p>\n<p>&nbsp;<\/p>\n<p>Lola S\u00e1nchez finaliz\u00f3 51\u00b0 en la prueba de <a href=\"http:\/\/centraldeportes.com.ar\/una-tiradora-olavarriense-compitio-en-el-mundial-junior\/\">aire comprimido de 10 metros<\/a> se mostr\u00f3 satisfecha por lo realizado porque \u201c<em>mi nivel estaba siendo bueno ac\u00e1 e igualmente no me alcanzaba para llegar a la final, pero me esperaba hacer un poco m\u00e1s, jugaron los nervios y no pude desenvolverme como realmente quer\u00eda. Termin\u00e9 conforme con una serie muy buena, en la prueba mixta<\/em>\u201d.<\/p>\n<p>&nbsp;<\/p>\n<p>Por \u00faltimo, la adolescente se ilusion\u00f3 con \u201c<em>repetir la experiencia<\/em>\u201d y agradeci\u00f3 al equipo nacional que \u201c<strong><em>durante la semana reafirmamos v\u00ednculos, pero ir a las concentraciones fue una de las mejores cosas que me pas\u00f3 en el a\u00f1o de pandemia, fue una motivaci\u00f3n muy grande<\/em><\/strong>\u201d.<\/p>\n","protected":false},"excerpt":{"rendered":"<p>Lola S\u00e1nchez se mostr\u00f3 sorprendida por la decisi\u00f3n de la Comisi\u00f3n Directiva del Tiro Federal de Olavarr\u00eda que nombr\u00f3 al<\/p>\n","protected":false},"author":96739694,"featured_media":144301,"comment_status":"closed","ping_status":"closed","sticky":false,"template":"","format":"standard","meta":{"_jetpack_memberships_contains_paid_content":false,"footnotes":""},"categories":[30,1],"tags":[],"class_list":["post-141870","post","type-post","status-publish","format-standard","has-post-thumbnail","hentry","category-polideportivo","category-portada"],"jetpack_featured_media_url":"https:\/\/i0.wp.com\/cdnoticias.com\/wp-content\/uploads\/2021\/10\/163606_269655.jpg?fit=800%2C533&ssl=1","jetpack_sharing_enabled":true,"_links":{"self":[{"href":"https:\/\/cdnoticias.com\/index.php\/wp-json\/wp\/v2\/posts\/141870","targetHints":{"allow":["GET"]}}],"collection":[{"href":"https:\/\/cdnoticias.com\/index.php\/wp-json\/wp\/v2\/posts"}],"about":[{"href":"https:\/\/cdnoticias.com\/index.php\/wp-json\/wp\/v2\/types\/post"}],"author":[{"embeddable":true,"href":"https:\/\/cdnoticias.com\/index.php\/wp-json\/wp\/v2\/users\/96739694"}],"replies":[{"embeddable":true,"href":"https:\/\/cdnoticias.com\/index.php\/wp-json\/wp\/v2\/comments?post=141870"}],"version-history":[{"count":0,"href":"https:\/\/cdnoticias.com\/index.php\/wp-json\/wp\/v2\/posts\/141870\/revisions"}],"wp:featuredmedia":[{"embeddable":true,"href":"https:\/\/cdnoticias.com\/index.php\/wp-json\/wp\/v2\/media\/144301"}],"wp:attachment":[{"href":"https:\/\/cdnoticias.com\/index.php\/wp-json\/wp\/v2\/media?parent=141870"}],"wp:term":[{"taxonomy":"category","embeddable":true,"href":"https:\/\/cdnoticias.com\/index.php\/wp-json\/wp\/v2\/categories?post=141870"},{"taxonomy":"post_tag","embeddable":true,"href":"https:\/\/cdnoticias.com\/index.php\/wp-json\/wp\/v2\/tags?post=141870"}],"curies":[{"name":"wp","href":"https:\/\/api.w.org\/{rel}","templated":true}]}}