{"id":141868,"date":"2021-10-12T14:48:58","date_gmt":"2021-10-12T17:48:58","guid":{"rendered":"http:\/\/centraldeportes.com.ar\/?p=6313"},"modified":"2025-02-01T18:38:58","modified_gmt":"2025-02-01T21:38:58","slug":"jugadores-de-racing-estuvieron-a-prueba-en-independiente","status":"publish","type":"post","link":"https:\/\/cdnoticias.com\/index.php\/2021\/10\/12\/jugadores-de-racing-estuvieron-a-prueba-en-independiente\/","title":{"rendered":"Jugadores de Racing estuvieron a prueba en Independiente"},"content":{"rendered":"<p>Luego de ser seleccionados tras asistir a la prueba de Olavarr\u00eda, jugadores de Racing viajaron a Villa Dom\u00ednico para una nueva instancia de captaci\u00f3n.<!--more--><\/p>\n<hr \/>\n<p>Mateo Pino y Juan Fern\u00e1ndez viajaron para una nueva prueba a cargo del Departamento de Captaci\u00f3n de Independiente.<\/p>\n<p>&nbsp;<\/p>\n<p>Los deportistas hab\u00edan asistido a la jornada de captaci\u00f3n que se realiz\u00f3 en el Parque Guerrero y est\u00e1n en el conurbano bonaerense para su segunda instancia de observaci\u00f3n.<\/p>\n","protected":false},"excerpt":{"rendered":"<p>Luego de ser seleccionados tras asistir a la prueba de Olavarr\u00eda, jugadores de Racing viajaron a Villa Dom\u00ednico para una<\/p>\n","protected":false},"author":96739694,"featured_media":144306,"comment_status":"closed","ping_status":"closed","sticky":false,"template":"","format":"standard","meta":{"_jetpack_memberships_contains_paid_content":false,"footnotes":""},"categories":[35,40,1],"tags":[],"class_list":["post-141868","post","type-post","status-publish","format-standard","has-post-thumbnail","hentry","category-futbol","category-inferiores","category-portada"],"jetpack_featured_media_url":"https:\/\/i0.wp.com\/cdnoticias.com\/wp-content\/uploads\/2021\/10\/245061669_4514942785217876_2648161869961841514_n-e1634060873532.jpg?fit=1500%2C813&ssl=1","jetpack_sharing_enabled":true,"_links":{"self":[{"href":"https:\/\/cdnoticias.com\/index.php\/wp-json\/wp\/v2\/posts\/141868","targetHints":{"allow":["GET"]}}],"collection":[{"href":"https:\/\/cdnoticias.com\/index.php\/wp-json\/wp\/v2\/posts"}],"about":[{"href":"https:\/\/cdnoticias.com\/index.php\/wp-json\/wp\/v2\/types\/post"}],"author":[{"embeddable":true,"href":"https:\/\/cdnoticias.com\/index.php\/wp-json\/wp\/v2\/users\/96739694"}],"replies":[{"embeddable":true,"href":"https:\/\/cdnoticias.com\/index.php\/wp-json\/wp\/v2\/comments?post=141868"}],"version-history":[{"count":0,"href":"https:\/\/cdnoticias.com\/index.php\/wp-json\/wp\/v2\/posts\/141868\/revisions"}],"wp:featuredmedia":[{"embeddable":true,"href":"https:\/\/cdnoticias.com\/index.php\/wp-json\/wp\/v2\/media\/144306"}],"wp:attachment":[{"href":"https:\/\/cdnoticias.com\/index.php\/wp-json\/wp\/v2\/media?parent=141868"}],"wp:term":[{"taxonomy":"category","embeddable":true,"href":"https:\/\/cdnoticias.com\/index.php\/wp-json\/wp\/v2\/categories?post=141868"},{"taxonomy":"post_tag","embeddable":true,"href":"https:\/\/cdnoticias.com\/index.php\/wp-json\/wp\/v2\/tags?post=141868"}],"curies":[{"name":"wp","href":"https:\/\/api.w.org\/{rel}","templated":true}]}}