{"id":141862,"date":"2021-10-11T15:45:26","date_gmt":"2021-10-11T18:45:26","guid":{"rendered":"http:\/\/centraldeportes.com.ar\/?p=6296"},"modified":"2025-02-01T18:39:11","modified_gmt":"2025-02-01T21:39:11","slug":"gonzalo-andreasen-vuelve-al-ring-en-estados-unidos","status":"publish","type":"post","link":"https:\/\/cdnoticias.com\/index.php\/2021\/10\/11\/gonzalo-andreasen-vuelve-al-ring-en-estados-unidos\/","title":{"rendered":"Gonzalo Andreasen vuelve al ring en Estados Unidos"},"content":{"rendered":"<p>El pugilista de Azul radicado en Olavarr\u00eda volver\u00e1 a tener una oportunidad en Estados Unidos. Ser\u00e1 el pr\u00f3ximo s\u00e1bado ante un franc\u00e9s.<!--more--><\/p>\n<hr \/>\n<p>Tras la excelente actuaci\u00f3n en Daytona Beach frente a Seman Hemphill, en noviembre de 2020, Gonzalo Andreasen volver\u00e1 a Estados Unidos para enfrentar a Frederic Julan en una velada que se llevar\u00e1 a cabo el pr\u00f3ximo s\u00e1bado.<\/p>\n<p>&nbsp;<\/p>\n<p>Andreasen recibi\u00f3 la propuesta del organizador Lou Di Bella Enteteimen y Triller Promotions en las \u00faltimas horas ante la baja de Terry Oslas y dir\u00e1 presente en Barcaly Center de Brooklyn.<\/p>\n<p>&nbsp;<\/p>\n<p>\u201cLa Pantera\u201d viene de dos triunfos y enfrentar\u00e1 a un nockeador tratando de igualar su r\u00e9cord en el profesionalismo que en la actualidad es de 7 triunfos y 8 ca\u00eddas.<\/p>\n","protected":false},"excerpt":{"rendered":"<p>El pugilista de Azul radicado en Olavarr\u00eda volver\u00e1 a tener una oportunidad en Estados Unidos. Ser\u00e1 el pr\u00f3ximo s\u00e1bado ante<\/p>\n","protected":false},"author":96739694,"featured_media":142696,"comment_status":"closed","ping_status":"closed","sticky":false,"template":"","format":"standard","meta":{"_jetpack_memberships_contains_paid_content":false,"footnotes":""},"categories":[30,1],"tags":[],"class_list":["post-141862","post","type-post","status-publish","format-standard","has-post-thumbnail","hentry","category-polideportivo","category-portada"],"jetpack_featured_media_url":"https:\/\/i0.wp.com\/cdnoticias.com\/wp-content\/uploads\/2021\/07\/1-13.png?fit=800%2C445&ssl=1","jetpack_sharing_enabled":true,"_links":{"self":[{"href":"https:\/\/cdnoticias.com\/index.php\/wp-json\/wp\/v2\/posts\/141862","targetHints":{"allow":["GET"]}}],"collection":[{"href":"https:\/\/cdnoticias.com\/index.php\/wp-json\/wp\/v2\/posts"}],"about":[{"href":"https:\/\/cdnoticias.com\/index.php\/wp-json\/wp\/v2\/types\/post"}],"author":[{"embeddable":true,"href":"https:\/\/cdnoticias.com\/index.php\/wp-json\/wp\/v2\/users\/96739694"}],"replies":[{"embeddable":true,"href":"https:\/\/cdnoticias.com\/index.php\/wp-json\/wp\/v2\/comments?post=141862"}],"version-history":[{"count":0,"href":"https:\/\/cdnoticias.com\/index.php\/wp-json\/wp\/v2\/posts\/141862\/revisions"}],"wp:featuredmedia":[{"embeddable":true,"href":"https:\/\/cdnoticias.com\/index.php\/wp-json\/wp\/v2\/media\/142696"}],"wp:attachment":[{"href":"https:\/\/cdnoticias.com\/index.php\/wp-json\/wp\/v2\/media?parent=141862"}],"wp:term":[{"taxonomy":"category","embeddable":true,"href":"https:\/\/cdnoticias.com\/index.php\/wp-json\/wp\/v2\/categories?post=141862"},{"taxonomy":"post_tag","embeddable":true,"href":"https:\/\/cdnoticias.com\/index.php\/wp-json\/wp\/v2\/tags?post=141862"}],"curies":[{"name":"wp","href":"https:\/\/api.w.org\/{rel}","templated":true}]}}