{"id":141846,"date":"2021-10-09T15:56:41","date_gmt":"2021-10-09T18:56:41","guid":{"rendered":"http:\/\/centraldeportes.com.ar\/?p=6171"},"modified":"2025-02-01T18:32:34","modified_gmt":"2025-02-01T21:32:34","slug":"primer-gol-en-primera-division-para-braian-salvareschi","status":"publish","type":"post","link":"https:\/\/cdnoticias.com\/index.php\/2021\/10\/09\/primer-gol-en-primera-division-para-braian-salvareschi\/","title":{"rendered":"Primer gol en Primera Divisi\u00f3n para Braian Salvareschi"},"content":{"rendered":"<p>Este s\u00e1bado, Sarmiento venci\u00f3 3 a 0 a Aldosivi en la continuidad del \u201cTorneo de los Socios\u201d y uno de los goles fue del olavarriense Braian Salvareschi.<\/p>\n<p><!--more--><\/p>\n<hr \/>\n<p>El defensor olavarriense marc\u00f3 su primer gol en Primera Divisi\u00f3n en la victoria del \u201cVerde\u201d en el Eva Per\u00f3n que se reencontr\u00f3 con su p\u00fablico y festej\u00f3 el ascenso que consigui\u00f3 en plena pandemia.<\/p>\n<p>&nbsp;<\/p>\n<p>[embedyt] https:\/\/www.youtube.com\/watch?v=XDLvF-gi8gU[\/embedyt]<\/p>\n<p>&nbsp;<\/p>\n<p>Gran partido de Sarmiento que sum\u00f3 su segunda victoria consecutiva y adem\u00e1s de las conversiones de Luciano Gondou y Yair Arismendi, Salvareschi converti\u00f3 el segundo gol a los 63\u00b4 y logr\u00f3 su primera conquista en la m\u00e1xima divisi\u00f3n del f\u00fatbol argentino.<\/p>\n","protected":false},"excerpt":{"rendered":"<p>Este s\u00e1bado, Sarmiento venci\u00f3 3 a 0 a Aldosivi en la continuidad del \u201cTorneo de los Socios\u201d y uno de<\/p>\n","protected":false},"author":96739694,"featured_media":144262,"comment_status":"closed","ping_status":"closed","sticky":false,"template":"","format":"standard","meta":{"_jetpack_memberships_contains_paid_content":false,"footnotes":""},"categories":[35,37,1],"tags":[],"class_list":["post-141846","post","type-post","status-publish","format-standard","has-post-thumbnail","hentry","category-futbol","category-futbol-profesional","category-portada"],"jetpack_featured_media_url":"https:\/\/i0.wp.com\/cdnoticias.com\/wp-content\/uploads\/2021\/10\/salvareschi.jpeg?fit=1024%2C684&ssl=1","jetpack_sharing_enabled":true,"_links":{"self":[{"href":"https:\/\/cdnoticias.com\/index.php\/wp-json\/wp\/v2\/posts\/141846","targetHints":{"allow":["GET"]}}],"collection":[{"href":"https:\/\/cdnoticias.com\/index.php\/wp-json\/wp\/v2\/posts"}],"about":[{"href":"https:\/\/cdnoticias.com\/index.php\/wp-json\/wp\/v2\/types\/post"}],"author":[{"embeddable":true,"href":"https:\/\/cdnoticias.com\/index.php\/wp-json\/wp\/v2\/users\/96739694"}],"replies":[{"embeddable":true,"href":"https:\/\/cdnoticias.com\/index.php\/wp-json\/wp\/v2\/comments?post=141846"}],"version-history":[{"count":0,"href":"https:\/\/cdnoticias.com\/index.php\/wp-json\/wp\/v2\/posts\/141846\/revisions"}],"wp:featuredmedia":[{"embeddable":true,"href":"https:\/\/cdnoticias.com\/index.php\/wp-json\/wp\/v2\/media\/144262"}],"wp:attachment":[{"href":"https:\/\/cdnoticias.com\/index.php\/wp-json\/wp\/v2\/media?parent=141846"}],"wp:term":[{"taxonomy":"category","embeddable":true,"href":"https:\/\/cdnoticias.com\/index.php\/wp-json\/wp\/v2\/categories?post=141846"},{"taxonomy":"post_tag","embeddable":true,"href":"https:\/\/cdnoticias.com\/index.php\/wp-json\/wp\/v2\/tags?post=141846"}],"curies":[{"name":"wp","href":"https:\/\/api.w.org\/{rel}","templated":true}]}}