{"id":141842,"date":"2021-10-08T21:07:07","date_gmt":"2021-10-09T00:07:07","guid":{"rendered":"http:\/\/centraldeportes.com.ar\/?p=6101"},"modified":"2025-02-01T18:32:52","modified_gmt":"2025-02-01T21:32:52","slug":"el-tiro-federal-recibio-a-la-olavarriense-mundialista","status":"publish","type":"post","link":"https:\/\/cdnoticias.com\/index.php\/2021\/10\/08\/el-tiro-federal-recibio-a-la-olavarriense-mundialista\/","title":{"rendered":"El Tiro Federal recibi\u00f3 a la olavarriense mundialista"},"content":{"rendered":"<p>Lola S\u00e1nchez tuvo su recibimiento en el Tiro Federal luego de su participaci\u00f3n en el Campeonato Mundial Junior. Adem\u00e1s inauguraron el stand de arma neum\u00e1tica del espacio local.<!--more--><\/p>\n<hr \/>\n<p>Este viernes y ante un reducido grupo de familiares y Comisi\u00f3n Directiva del Tiro Federal se realiz\u00f3 el acto de reinaguraci\u00f3n del stando de arma neum\u00e1tica en coincidencia del regreso de la tiradora olavarriense que se present\u00f3 en Per\u00fa.<\/p>\n<p>&nbsp;<\/p>\n<p>El renovado espacio que pas\u00f3 a llevar el nombre de \u201cLola S\u00e1nchez\u201d qued\u00f3 formalmente inaugurado siendo \u201c<em>una forma de devolverte lo que has hecho por el tiro olavarriense<\/em>\u201d, le dijeron a la deportista que finaliz\u00f3 en la posici\u00f3n 51\u00b0 en el Campeonato Mundial Junior.<\/p>\n<p>&nbsp;<\/p>\n<p>[soliloquy slug=&#8221;tiro&#8221;]<\/p>\n<p>&nbsp;<\/p>\n<p>\u201c<strong><em>Llegar donde llegaste no es suerte, es sacrificio tuyo y de tu familia<\/em><\/strong>\u201d, coincidieron los directivos que decidieron sorprender a la deportista nombrando al pol\u00edgono en su honor que se emocion\u00f3 ante la docena de presentes.<\/p>\n","protected":false},"excerpt":{"rendered":"<p>Lola S\u00e1nchez tuvo su recibimiento en el Tiro Federal luego de su participaci\u00f3n en el Campeonato Mundial Junior. Adem\u00e1s inauguraron<\/p>\n","protected":false},"author":96739694,"featured_media":144273,"comment_status":"closed","ping_status":"closed","sticky":false,"template":"","format":"standard","meta":{"_jetpack_memberships_contains_paid_content":false,"footnotes":""},"categories":[30,1],"tags":[],"class_list":["post-141842","post","type-post","status-publish","format-standard","has-post-thumbnail","hentry","category-polideportivo","category-portada"],"jetpack_featured_media_url":"https:\/\/i0.wp.com\/cdnoticias.com\/wp-content\/uploads\/2021\/10\/tiro-3.png?fit=1280%2C853&ssl=1","jetpack_sharing_enabled":true,"_links":{"self":[{"href":"https:\/\/cdnoticias.com\/index.php\/wp-json\/wp\/v2\/posts\/141842","targetHints":{"allow":["GET"]}}],"collection":[{"href":"https:\/\/cdnoticias.com\/index.php\/wp-json\/wp\/v2\/posts"}],"about":[{"href":"https:\/\/cdnoticias.com\/index.php\/wp-json\/wp\/v2\/types\/post"}],"author":[{"embeddable":true,"href":"https:\/\/cdnoticias.com\/index.php\/wp-json\/wp\/v2\/users\/96739694"}],"replies":[{"embeddable":true,"href":"https:\/\/cdnoticias.com\/index.php\/wp-json\/wp\/v2\/comments?post=141842"}],"version-history":[{"count":0,"href":"https:\/\/cdnoticias.com\/index.php\/wp-json\/wp\/v2\/posts\/141842\/revisions"}],"wp:featuredmedia":[{"embeddable":true,"href":"https:\/\/cdnoticias.com\/index.php\/wp-json\/wp\/v2\/media\/144273"}],"wp:attachment":[{"href":"https:\/\/cdnoticias.com\/index.php\/wp-json\/wp\/v2\/media?parent=141842"}],"wp:term":[{"taxonomy":"category","embeddable":true,"href":"https:\/\/cdnoticias.com\/index.php\/wp-json\/wp\/v2\/categories?post=141842"},{"taxonomy":"post_tag","embeddable":true,"href":"https:\/\/cdnoticias.com\/index.php\/wp-json\/wp\/v2\/tags?post=141842"}],"curies":[{"name":"wp","href":"https:\/\/api.w.org\/{rel}","templated":true}]}}