{"id":141834,"date":"2021-10-07T17:02:08","date_gmt":"2021-10-07T20:02:08","guid":{"rendered":"http:\/\/centraldeportes.com.ar\/?p=6049"},"modified":"2025-02-01T18:02:32","modified_gmt":"2025-02-01T21:02:32","slug":"vuelven-los-festivales-de-boxeo-a-olavarria","status":"publish","type":"post","link":"https:\/\/cdnoticias.com\/index.php\/2021\/10\/07\/vuelven-los-festivales-de-boxeo-a-olavarria\/","title":{"rendered":"Vuelven los Festivales de boxeo a Olavarr\u00eda"},"content":{"rendered":"<p>El pr\u00f3ximo viernes se volver\u00e1 a organizar un Festival de Boxeo en la Ciudad. Ser\u00e1 en El Fort\u00edn con una serie de combates amateurs.<!--more--><\/p>\n<hr \/>\n<p>&nbsp;<\/p>\n<p>Desde las 21:00, el sal\u00f3n de fiestas del Club Social y Deportivo El Fort\u00edn (\u00fanica entidad local afiliada a la FAB) ser\u00e1 sede del retorno de los festivales de boxeo tras casi 2 a\u00f1os. El evento ser\u00e1 fiscalizado por la Comisi\u00f3n Municipal de Boxeo de Olavarr\u00eda y tendr\u00e1 el auspicio de la firma deportiva l\u00edder Corti Boxeo.<\/p>\n<p>&nbsp;<\/p>\n<p>Como se recordar\u00e1, en 2019 la actividad fue intensa en nuestra ciudad, ya que se realizaron 8 festivales. El \u00faltimo fue en diciembre y luego en enero de 2020 se llev\u00f3 a cabo una cena que reuni\u00f3 a m\u00e1s de un centenar de protagonistas del boxeo local. El viernes 13 de marzo de 2020 se iba a desarrollar un festival y el d\u00eda anterior se decretaron las disposiciones de Naci\u00f3n por la pandemia, a lo que sigui\u00f3 un largo receso.<\/p>\n<p>&nbsp;<\/p>\n<p>Por razones de protocolo sanitario salieron a la venta solamente 200 entradas por lo que se estima que en las pr\u00f3ximas horas ya no habr\u00e1 localidades disponibles.<\/p>\n<p>EL PROGRAMA<\/p>\n<p>Fueron designados los \u00e1rbitros FAB Juan Santuchi y Marcos Casta\u00f1eda, ambos de Olavarr\u00eda.<\/p>\n<p>Jonathan Alvarado (Olavarr\u00eda) &#8211; Franco Bethouart (Bellocq)<\/p>\n<p>Braian P\u00e9rez (Benito Ju\u00e1rez) &#8211; Gustavo \u00c1ngel (Laprida)<\/p>\n<p>El\u00edas Oliveto (Olavarr\u00eda) &#8211; Emiliano Sosa (Azul)<\/p>\n<p>Iara Benito (Olavarr\u00eda) &#8211; Paloma Almeida (Olavarr\u00eda)<\/p>\n<p>Rodrigo Mensi (Olavarr\u00eda) &#8211; Federico Fornes (Bol\u00edvar)<\/p>\n<p>Uriel Barrag\u00e1n (Olavarr\u00eda) &#8211; Nahuel Rold\u00e1n (Chivilcoy)<\/p>\n<p>Alejandro Almeida (Olavarr\u00eda) &#8211; Jos\u00e9 Mart\u00ednez (Bol\u00edvar)<\/p>\n<p>Ignacio \u00c1lvarez (Benito Ju\u00e1rez) &#8211; Tom\u00e1s Alonso (9 de Julio)<\/p>\n<p>Roc\u00edo M\u00e1rquez (Laprida) &#8211; Sof\u00eda Medina (Olavarr\u00eda)<\/p>\n<p>Rosa Berm\u00fadez (Olavarr\u00eda) &#8211; Guillermina Caputo (Las Flores)<\/p>\n<p>&nbsp;<\/p>\n","protected":false},"excerpt":{"rendered":"<p>El pr\u00f3ximo viernes se volver\u00e1 a organizar un Festival de Boxeo en la Ciudad. Ser\u00e1 en El Fort\u00edn con una<\/p>\n","protected":false},"author":96739694,"featured_media":144198,"comment_status":"closed","ping_status":"closed","sticky":false,"template":"","format":"standard","meta":{"_jetpack_memberships_contains_paid_content":false,"footnotes":""},"categories":[30,1],"tags":[],"class_list":["post-141834","post","type-post","status-publish","format-standard","has-post-thumbnail","hentry","category-polideportivo","category-portada"],"jetpack_featured_media_url":"https:\/\/i0.wp.com\/cdnoticias.com\/wp-content\/uploads\/2021\/10\/244409166_3167317320172147_9212933029250782394_n.jpg?fit=832%2C372&ssl=1","jetpack_sharing_enabled":true,"_links":{"self":[{"href":"https:\/\/cdnoticias.com\/index.php\/wp-json\/wp\/v2\/posts\/141834","targetHints":{"allow":["GET"]}}],"collection":[{"href":"https:\/\/cdnoticias.com\/index.php\/wp-json\/wp\/v2\/posts"}],"about":[{"href":"https:\/\/cdnoticias.com\/index.php\/wp-json\/wp\/v2\/types\/post"}],"author":[{"embeddable":true,"href":"https:\/\/cdnoticias.com\/index.php\/wp-json\/wp\/v2\/users\/96739694"}],"replies":[{"embeddable":true,"href":"https:\/\/cdnoticias.com\/index.php\/wp-json\/wp\/v2\/comments?post=141834"}],"version-history":[{"count":0,"href":"https:\/\/cdnoticias.com\/index.php\/wp-json\/wp\/v2\/posts\/141834\/revisions"}],"wp:featuredmedia":[{"embeddable":true,"href":"https:\/\/cdnoticias.com\/index.php\/wp-json\/wp\/v2\/media\/144198"}],"wp:attachment":[{"href":"https:\/\/cdnoticias.com\/index.php\/wp-json\/wp\/v2\/media?parent=141834"}],"wp:term":[{"taxonomy":"category","embeddable":true,"href":"https:\/\/cdnoticias.com\/index.php\/wp-json\/wp\/v2\/categories?post=141834"},{"taxonomy":"post_tag","embeddable":true,"href":"https:\/\/cdnoticias.com\/index.php\/wp-json\/wp\/v2\/tags?post=141834"}],"curies":[{"name":"wp","href":"https:\/\/api.w.org\/{rel}","templated":true}]}}