{"id":141820,"date":"2021-10-05T16:58:27","date_gmt":"2021-10-05T19:58:27","guid":{"rendered":"http:\/\/centraldeportes.com.ar\/?p=5943"},"modified":"2025-02-01T18:03:13","modified_gmt":"2025-02-01T21:03:13","slug":"el-fortin-participo-en-una-nueva-fecha-de-la-liga-metropolitana","status":"publish","type":"post","link":"https:\/\/cdnoticias.com\/index.php\/2021\/10\/05\/el-fortin-participo-en-una-nueva-fecha-de-la-liga-metropolitana\/","title":{"rendered":"El Fort\u00edn particip\u00f3 en una nueva fecha de la Liga Metropolitana"},"content":{"rendered":"<p>El pasado domingo se disput\u00f3 la 3\u00b0 fecha de la Liga Metropolitana en Moreno y hasta all\u00ed llegaron los deportistas representantes del Club El Fort\u00edn.<!--more--><\/p>\n<hr \/>\n<p>Un numeroso grupo del Club El Fort\u00edn volvi\u00f3 a decir presentes en la competencia Metropolitana que se llev\u00f3 a cabo en el Club Defensores de Moreno y que tuvo en la categor\u00eda de Quinta Damas Intermedia la medalla de oro para Lourdes Leal en las pruebas de 200 y 800 metros.<\/p>\n<p>&nbsp;<\/p>\n<p>Adem\u00e1s, hicieron su debut en competencia Angelina Rakoczi Bormida en \u201cpromo damas escuela\u201d, en la distancia de 100m y 400m, Lucila Rakoczi Bormida en \u201cSexta damas escuela\u201d, en la distancia de 200m y 400m, Jimena Rivas Bah\u00eda en \u201cmayores damas escuela\u201d junto a Sabrina Rivarola Vales, en la distancia de 200m y 1500m.<\/p>\n<p>&nbsp;<\/p>\n<p><img data-recalc-dims=\"1\" loading=\"lazy\" decoding=\"async\" class=\"aligncenter size-full wp-image-5958\" src=\"https:\/\/i0.wp.com\/centraldeportes.com.ar\/wp-content\/uploads\/2021\/10\/patin-11.png?resize=800%2C533\" alt=\"\" width=\"800\" height=\"533\" \/><\/p>\n<p>&nbsp;<\/p>\n<p>Valentina Gyarmatti \u00c1lvarez, categor\u00eda \u201cmenores de 7 a\u00f1os\u201d, en pruebas de 100m y 200m, Violetta Bustamante, categor\u00eda \u201cpromocional damas escuela\u201d, en pruebas de 100m y 400m, Milo Casta\u00f1ares y Bautista Gyarmatti Alvarez, categor\u00eda \u201cpromo varones escuela\u201d, en pruebas de 100m y 200m, Amely Chamberlain Rivarola, categor\u00eda \u201c6ta damas escuela\u201d, en pruebas de 200m y 400m e Iara y Mirari Bourguez N\u00fa\u00f1ez, categor\u00eda \u201c4ta damas escuela\u201d, en pruebas de 200m y 800m, tambi\u00e9n sumaron su primera competencia.<\/p>\n<p>&nbsp;<\/p>\n<p>El equipo \u201cFortinero\u201d estuvo acompa\u00f1ado por familias, el delegado Nicol\u00e1s Leal y su t\u00e9cnica Natalia Istillarte.<\/p>\n","protected":false},"excerpt":{"rendered":"<p>El pasado domingo se disput\u00f3 la 3\u00b0 fecha de la Liga Metropolitana en Moreno y hasta all\u00ed llegaron los deportistas<\/p>\n","protected":false},"author":96739694,"featured_media":144221,"comment_status":"closed","ping_status":"closed","sticky":false,"template":"","format":"standard","meta":{"_jetpack_memberships_contains_paid_content":false,"footnotes":""},"categories":[30,1],"tags":[],"class_list":["post-141820","post","type-post","status-publish","format-standard","has-post-thumbnail","hentry","category-polideportivo","category-portada"],"jetpack_featured_media_url":"https:\/\/i0.wp.com\/cdnoticias.com\/wp-content\/uploads\/2021\/10\/patin-10.png?fit=1280%2C853&ssl=1","jetpack_sharing_enabled":true,"_links":{"self":[{"href":"https:\/\/cdnoticias.com\/index.php\/wp-json\/wp\/v2\/posts\/141820","targetHints":{"allow":["GET"]}}],"collection":[{"href":"https:\/\/cdnoticias.com\/index.php\/wp-json\/wp\/v2\/posts"}],"about":[{"href":"https:\/\/cdnoticias.com\/index.php\/wp-json\/wp\/v2\/types\/post"}],"author":[{"embeddable":true,"href":"https:\/\/cdnoticias.com\/index.php\/wp-json\/wp\/v2\/users\/96739694"}],"replies":[{"embeddable":true,"href":"https:\/\/cdnoticias.com\/index.php\/wp-json\/wp\/v2\/comments?post=141820"}],"version-history":[{"count":0,"href":"https:\/\/cdnoticias.com\/index.php\/wp-json\/wp\/v2\/posts\/141820\/revisions"}],"wp:featuredmedia":[{"embeddable":true,"href":"https:\/\/cdnoticias.com\/index.php\/wp-json\/wp\/v2\/media\/144221"}],"wp:attachment":[{"href":"https:\/\/cdnoticias.com\/index.php\/wp-json\/wp\/v2\/media?parent=141820"}],"wp:term":[{"taxonomy":"category","embeddable":true,"href":"https:\/\/cdnoticias.com\/index.php\/wp-json\/wp\/v2\/categories?post=141820"},{"taxonomy":"post_tag","embeddable":true,"href":"https:\/\/cdnoticias.com\/index.php\/wp-json\/wp\/v2\/tags?post=141820"}],"curies":[{"name":"wp","href":"https:\/\/api.w.org\/{rel}","templated":true}]}}