{"id":141819,"date":"2021-10-05T16:47:41","date_gmt":"2021-10-05T19:47:41","guid":{"rendered":"http:\/\/centraldeportes.com.ar\/?p=5939"},"modified":"2025-02-01T18:03:34","modified_gmt":"2025-02-01T21:03:34","slug":"empezaron-las-clases-para-la-escuela-de-iniciacion-deportiva-de-racing","status":"publish","type":"post","link":"https:\/\/cdnoticias.com\/index.php\/2021\/10\/05\/empezaron-las-clases-para-la-escuela-de-iniciacion-deportiva-de-racing\/","title":{"rendered":"Empezaron las clases para la Escuela de Iniciaci\u00f3n Deportiva de Racing"},"content":{"rendered":"<p>El pasado lunes dio comienzo la nueva actividad propuesta por la nueva Comisi\u00f3n Directiva de Racing para deportistas con discapacidad.<!--more--><\/p>\n<hr \/>\n<p>El equipo de profesores recibi\u00f3 a los nuevos deportistas en las canchas de f\u00fatbol sint\u00e9tico d\u00f3nde realizaron actividades l\u00fadicas. Luego se divirtieron en el arenero del club para finalizar la jornada en el Estadio Buglione.<\/p>\n<p>&nbsp;<\/p>\n<p><img data-recalc-dims=\"1\" loading=\"lazy\" decoding=\"async\" class=\"aligncenter size-full wp-image-5941\" src=\"https:\/\/i0.wp.com\/centraldeportes.com.ar\/wp-content\/uploads\/2021\/10\/244559358_4494094303969391_609347301943966573_n.jpg?resize=800%2C528\" alt=\"\" width=\"800\" height=\"528\" \/><\/p>\n<p>&nbsp;<\/p>\n<p>Genaro, Jes\u00fas, Joel, Dylan, Agustina, Santino, Thomas, Lorenzo, Alexis, Miguel \u00c1ngel, Donatto, Indra, Nicol\u00e1s, Daniela, Benicio, Tiziano, Leonardo, Tiziano, Agust\u00edn, Tomas, Thiago, Rodrigo, Franco, Ian, Paolo, Juan Pablo, Santiago, son los nuevos deportistas que se suman a la familia \u201cChaira\u201d este a\u00f1o.<\/p>\n","protected":false},"excerpt":{"rendered":"<p>El pasado lunes dio comienzo la nueva actividad propuesta por la nueva Comisi\u00f3n Directiva de Racing para deportistas con discapacidad.<\/p>\n","protected":false},"author":96739694,"featured_media":0,"comment_status":"closed","ping_status":"closed","sticky":false,"template":"","format":"standard","meta":{"_jetpack_memberships_contains_paid_content":false,"footnotes":""},"categories":[30,1],"tags":[],"class_list":["post-141819","post","type-post","status-publish","format-standard","hentry","category-polideportivo","category-portada"],"jetpack_featured_media_url":"","jetpack_sharing_enabled":true,"_links":{"self":[{"href":"https:\/\/cdnoticias.com\/index.php\/wp-json\/wp\/v2\/posts\/141819","targetHints":{"allow":["GET"]}}],"collection":[{"href":"https:\/\/cdnoticias.com\/index.php\/wp-json\/wp\/v2\/posts"}],"about":[{"href":"https:\/\/cdnoticias.com\/index.php\/wp-json\/wp\/v2\/types\/post"}],"author":[{"embeddable":true,"href":"https:\/\/cdnoticias.com\/index.php\/wp-json\/wp\/v2\/users\/96739694"}],"replies":[{"embeddable":true,"href":"https:\/\/cdnoticias.com\/index.php\/wp-json\/wp\/v2\/comments?post=141819"}],"version-history":[{"count":0,"href":"https:\/\/cdnoticias.com\/index.php\/wp-json\/wp\/v2\/posts\/141819\/revisions"}],"wp:attachment":[{"href":"https:\/\/cdnoticias.com\/index.php\/wp-json\/wp\/v2\/media?parent=141819"}],"wp:term":[{"taxonomy":"category","embeddable":true,"href":"https:\/\/cdnoticias.com\/index.php\/wp-json\/wp\/v2\/categories?post=141819"},{"taxonomy":"post_tag","embeddable":true,"href":"https:\/\/cdnoticias.com\/index.php\/wp-json\/wp\/v2\/tags?post=141819"}],"curies":[{"name":"wp","href":"https:\/\/api.w.org\/{rel}","templated":true}]}}