{"id":141803,"date":"2021-10-03T12:41:45","date_gmt":"2021-10-03T15:41:45","guid":{"rendered":"http:\/\/centraldeportes.com.ar\/?p=5853"},"modified":"2025-02-01T17:53:19","modified_gmt":"2025-02-01T20:53:19","slug":"los-atletas-de-el-fortin-terminaron-con-su-actuacion-en-chaco","status":"publish","type":"post","link":"https:\/\/cdnoticias.com\/index.php\/2021\/10\/03\/los-atletas-de-el-fortin-terminaron-con-su-actuacion-en-chaco\/","title":{"rendered":"Los atletas de El Fort\u00edn terminaron con su actuaci\u00f3n en Chaco"},"content":{"rendered":"<p>Lautaro \u00c1lvarez y Tatiana Tonel salieron a pista este domingo en la segunda jornada de competencia del Campeonato Argentino Sub20 que se realiz\u00f3 en Chaco y en donde representaron a la Provincia de Buenos Aires. La representante &#8220;fortinera&#8221; regres\u00f3 con una medalla.<!--more--><\/p>\n<hr \/>\n<p>Luego de su presentaci\u00f3n en el d\u00eda inaugural del certamen que se realiz\u00f3 en Resistencia, Lautaro \u00c1lvarez volvi\u00f3 a presentarse, esta vez en los 400 metros con vallas y con un registro de 1:03.96 logr\u00f3 ubicarse en el 17\u00b0 puesto de la clasificaci\u00f3n final.<\/p>\n<p>&nbsp;<\/p>\n<p>Tambi\u00e9n fue el debut de Tatiana Tonel que se present\u00f3 en los 400 metros con vallas y registr\u00f3 un tiempo de 1:13.26 quedando en\u00a0 la d\u00e9cima posici\u00f3n en la\u00a0 clasificaci\u00f3n final y luego, fue parte de la posta 4&#215;400 de Provincia de Buenos Aires donde logr\u00f3 el subcampeonato con un tiempo de 4:11.63, s\u00f3lo por detr\u00e1s de C\u00f3rdoba.<\/p>\n<p>&nbsp;<\/p>\n<p>Los representantes del Club El Fort\u00edn estuvieron acompa\u00f1ados por Jorge Bellinzoni.<\/p>\n","protected":false},"excerpt":{"rendered":"<p>Lautaro \u00c1lvarez y Tatiana Tonel salieron a pista este domingo en la segunda jornada de competencia del Campeonato Argentino Sub20<\/p>\n","protected":false},"author":96739694,"featured_media":144166,"comment_status":"closed","ping_status":"closed","sticky":false,"template":"","format":"standard","meta":{"_jetpack_memberships_contains_paid_content":false,"footnotes":""},"categories":[38,1],"tags":[],"class_list":["post-141803","post","type-post","status-publish","format-standard","has-post-thumbnail","hentry","category-pedestrismo","category-portada"],"jetpack_featured_media_url":"https:\/\/i0.wp.com\/cdnoticias.com\/wp-content\/uploads\/2021\/10\/WhatsApp-Image-2021-10-02-at-19.14.39.jpeg?fit=1280%2C853&ssl=1","jetpack_sharing_enabled":true,"_links":{"self":[{"href":"https:\/\/cdnoticias.com\/index.php\/wp-json\/wp\/v2\/posts\/141803","targetHints":{"allow":["GET"]}}],"collection":[{"href":"https:\/\/cdnoticias.com\/index.php\/wp-json\/wp\/v2\/posts"}],"about":[{"href":"https:\/\/cdnoticias.com\/index.php\/wp-json\/wp\/v2\/types\/post"}],"author":[{"embeddable":true,"href":"https:\/\/cdnoticias.com\/index.php\/wp-json\/wp\/v2\/users\/96739694"}],"replies":[{"embeddable":true,"href":"https:\/\/cdnoticias.com\/index.php\/wp-json\/wp\/v2\/comments?post=141803"}],"version-history":[{"count":0,"href":"https:\/\/cdnoticias.com\/index.php\/wp-json\/wp\/v2\/posts\/141803\/revisions"}],"wp:featuredmedia":[{"embeddable":true,"href":"https:\/\/cdnoticias.com\/index.php\/wp-json\/wp\/v2\/media\/144166"}],"wp:attachment":[{"href":"https:\/\/cdnoticias.com\/index.php\/wp-json\/wp\/v2\/media?parent=141803"}],"wp:term":[{"taxonomy":"category","embeddable":true,"href":"https:\/\/cdnoticias.com\/index.php\/wp-json\/wp\/v2\/categories?post=141803"},{"taxonomy":"post_tag","embeddable":true,"href":"https:\/\/cdnoticias.com\/index.php\/wp-json\/wp\/v2\/tags?post=141803"}],"curies":[{"name":"wp","href":"https:\/\/api.w.org\/{rel}","templated":true}]}}