{"id":141794,"date":"2021-10-02T15:21:43","date_gmt":"2021-10-02T18:21:43","guid":{"rendered":"http:\/\/centraldeportes.com.ar\/?p=5757"},"modified":"2025-02-01T17:53:46","modified_gmt":"2025-02-01T20:53:46","slug":"una-tiradora-olavarriense-compitio-en-el-mundial-junior","status":"publish","type":"post","link":"https:\/\/cdnoticias.com\/index.php\/2021\/10\/02\/una-tiradora-olavarriense-compitio-en-el-mundial-junior\/","title":{"rendered":"Una tiradora olavarriense compiti\u00f3 en el Mundial Junior"},"content":{"rendered":"<p>Lola S\u00e1nchez compiti\u00f3 en Lima en el Campeonato Mundial Junior representando a Argentina.<!--more--><\/p>\n<hr \/>\n<p>El pasado viernes en Lima, la olavarriense Lola S\u00e1nchez tuvo su debut en las competencias mundiales representando al pa\u00eds y logr\u00f3 una buena actuaci\u00f3n.<\/p>\n<p>&nbsp;<\/p>\n<p>La deportista del Tiro Federal se present\u00f3 en el Campeonato Mundial Junior ISSF 2021 y en la categor\u00eda de 10m Rifle de aire comprimido obtuvo el puesto 51\u00b0 con un puntaje total de 610.1 (101.7 | 101.8 | 100.7 | 102.8 | 103.5 | 99.6), a 18.5 unidades del Top8 finalista.<\/p>\n<p>&nbsp;<\/p>\n<p>S\u00e1nchez tambi\u00e9n compiti\u00f3 en la categor\u00eda por equipos mixtos en compa\u00f1\u00eda de Bruno \u00c1lvarez y logaron el puesto 23\u00b0 con un puntaje total de 605.5 (S\u00e1nchez 302.8 + \u00c1lvarez 302.7).<\/p>\n<p>&nbsp;<\/p>\n<p>Fuente: ENARD<\/p>\n","protected":false},"excerpt":{"rendered":"<p>Lola S\u00e1nchez compiti\u00f3 en Lima en el Campeonato Mundial Junior representando a Argentina.<\/p>\n","protected":false},"author":96739694,"featured_media":144181,"comment_status":"closed","ping_status":"closed","sticky":false,"template":"","format":"standard","meta":{"_jetpack_memberships_contains_paid_content":false,"footnotes":""},"categories":[30,1],"tags":[],"class_list":["post-141794","post","type-post","status-publish","format-standard","has-post-thumbnail","hentry","category-polideportivo","category-portada"],"jetpack_featured_media_url":"https:\/\/i0.wp.com\/cdnoticias.com\/wp-content\/uploads\/2021\/10\/WhatsApp-Image-2021-10-02-at-14.59.09-e1633198938467.jpeg?fit=564%2C355&ssl=1","jetpack_sharing_enabled":true,"_links":{"self":[{"href":"https:\/\/cdnoticias.com\/index.php\/wp-json\/wp\/v2\/posts\/141794","targetHints":{"allow":["GET"]}}],"collection":[{"href":"https:\/\/cdnoticias.com\/index.php\/wp-json\/wp\/v2\/posts"}],"about":[{"href":"https:\/\/cdnoticias.com\/index.php\/wp-json\/wp\/v2\/types\/post"}],"author":[{"embeddable":true,"href":"https:\/\/cdnoticias.com\/index.php\/wp-json\/wp\/v2\/users\/96739694"}],"replies":[{"embeddable":true,"href":"https:\/\/cdnoticias.com\/index.php\/wp-json\/wp\/v2\/comments?post=141794"}],"version-history":[{"count":0,"href":"https:\/\/cdnoticias.com\/index.php\/wp-json\/wp\/v2\/posts\/141794\/revisions"}],"wp:featuredmedia":[{"embeddable":true,"href":"https:\/\/cdnoticias.com\/index.php\/wp-json\/wp\/v2\/media\/144181"}],"wp:attachment":[{"href":"https:\/\/cdnoticias.com\/index.php\/wp-json\/wp\/v2\/media?parent=141794"}],"wp:term":[{"taxonomy":"category","embeddable":true,"href":"https:\/\/cdnoticias.com\/index.php\/wp-json\/wp\/v2\/categories?post=141794"},{"taxonomy":"post_tag","embeddable":true,"href":"https:\/\/cdnoticias.com\/index.php\/wp-json\/wp\/v2\/tags?post=141794"}],"curies":[{"name":"wp","href":"https:\/\/api.w.org\/{rel}","templated":true}]}}