{"id":141788,"date":"2021-10-01T16:06:46","date_gmt":"2021-10-01T19:06:46","guid":{"rendered":"http:\/\/centraldeportes.com.ar\/?p=5726"},"modified":"2025-02-01T17:47:44","modified_gmt":"2025-02-01T20:47:44","slug":"primeros-minutos-para-gimenez-con-la-camiseta-de-libertad","status":"publish","type":"post","link":"https:\/\/cdnoticias.com\/index.php\/2021\/10\/01\/primeros-minutos-para-gimenez-con-la-camiseta-de-libertad\/","title":{"rendered":"Primeros minutos para Gim\u00e9nez con la camiseta de Libertad"},"content":{"rendered":"<p>Nicol\u00e1s Gim\u00e9nez fue parte del amistoso de Libertad de Sunchales que se prepara para una nueva temporada de La Liga Argentina.<!--more--><\/p>\n<hr \/>\n<p>Luego de vender su plaza en la m\u00e1xima categor\u00eda del b\u00e1squet nacional, \u201cLos Tigres\u201d jugaron su primer amistoso ante Central Argentino Ol\u00edmpico que se qued\u00f3 con la victoria por 79 a 67.<\/p>\n<p>En el equipo que fue anfitri\u00f3n, jug\u00f3 Nicol\u00e1s Gim\u00e9nez que volvi\u00f3 al b\u00e1squet argentino tras sus recientes experiencias en Chile y Bolivia.<\/p>\n","protected":false},"excerpt":{"rendered":"<p>Nicol\u00e1s Gim\u00e9nez fue parte del amistoso de Libertad de Sunchales que se prepara para una nueva temporada de La Liga<\/p>\n","protected":false},"author":96739694,"featured_media":144104,"comment_status":"closed","ping_status":"closed","sticky":false,"template":"","format":"standard","meta":{"_jetpack_memberships_contains_paid_content":false,"footnotes":""},"categories":[31,32,1],"tags":[],"class_list":["post-141788","post","type-post","status-publish","format-standard","has-post-thumbnail","hentry","category-basquet","category-liga-argentina","category-portada"],"jetpack_featured_media_url":"https:\/\/i0.wp.com\/cdnoticias.com\/wp-content\/uploads\/2021\/10\/WhatsApp-Image-2021-10-01-at-16.03.53.jpeg?fit=720%2C481&ssl=1","jetpack_sharing_enabled":true,"_links":{"self":[{"href":"https:\/\/cdnoticias.com\/index.php\/wp-json\/wp\/v2\/posts\/141788","targetHints":{"allow":["GET"]}}],"collection":[{"href":"https:\/\/cdnoticias.com\/index.php\/wp-json\/wp\/v2\/posts"}],"about":[{"href":"https:\/\/cdnoticias.com\/index.php\/wp-json\/wp\/v2\/types\/post"}],"author":[{"embeddable":true,"href":"https:\/\/cdnoticias.com\/index.php\/wp-json\/wp\/v2\/users\/96739694"}],"replies":[{"embeddable":true,"href":"https:\/\/cdnoticias.com\/index.php\/wp-json\/wp\/v2\/comments?post=141788"}],"version-history":[{"count":0,"href":"https:\/\/cdnoticias.com\/index.php\/wp-json\/wp\/v2\/posts\/141788\/revisions"}],"wp:featuredmedia":[{"embeddable":true,"href":"https:\/\/cdnoticias.com\/index.php\/wp-json\/wp\/v2\/media\/144104"}],"wp:attachment":[{"href":"https:\/\/cdnoticias.com\/index.php\/wp-json\/wp\/v2\/media?parent=141788"}],"wp:term":[{"taxonomy":"category","embeddable":true,"href":"https:\/\/cdnoticias.com\/index.php\/wp-json\/wp\/v2\/categories?post=141788"},{"taxonomy":"post_tag","embeddable":true,"href":"https:\/\/cdnoticias.com\/index.php\/wp-json\/wp\/v2\/tags?post=141788"}],"curies":[{"name":"wp","href":"https:\/\/api.w.org\/{rel}","templated":true}]}}