{"id":141779,"date":"2021-09-30T12:02:13","date_gmt":"2021-09-30T15:02:13","guid":{"rendered":"http:\/\/centraldeportes.com.ar\/?p=5674"},"modified":"2025-02-01T17:48:40","modified_gmt":"2025-02-01T20:48:40","slug":"renuncio-marcelo-verna-a-su-cargo-en-el-municipio","status":"publish","type":"post","link":"https:\/\/cdnoticias.com\/index.php\/2021\/09\/30\/renuncio-marcelo-verna-a-su-cargo-en-el-municipio\/","title":{"rendered":"Renunci\u00f3 Marcelo Verna a su cargo en el Municipio"},"content":{"rendered":"<p>Este jueves se conoci\u00f3 la renuncia de Marcelo Verna al cargo de Director de Gesti\u00f3n Deportiva en la Municipalidad de Olavarr\u00eda.<!--more--><\/p>\n<hr \/>\n<p>Tras seis a\u00f1os en el cargo, Marcelo Verna decidi\u00f3 por motivos de \u00edndole personal, renunciar a sus funciones en el Municipio.<\/p>\n<p>&nbsp;<\/p>\n<p>El alejamiento se debe a un problema de salud del reconocido periodista que durante su tiempo en el cargo fue constante v\u00ednculo entre deportistas y el Municipio.<\/p>\n<p>&nbsp;<\/p>\n<p>\u201c<strong><em>Es una decisi\u00f3n personal dif\u00edcil, pero se debe a que el mes pasado el cuerpo\/mente me dio un mensaje de alerta por lo que debo ocuparme prioritariamente de mi salud y para eso debo bajar el nivel de exigencia que, entiendo, corresponde a la funci\u00f3n<\/em><\/strong>\u201d, anunci\u00f3 Verna en un comunicado emitido en su \u00faltimo d\u00eda de trabajo como funcionario municipal.<\/p>\n","protected":false},"excerpt":{"rendered":"<p>Este jueves se conoci\u00f3 la renuncia de Marcelo Verna al cargo de Director de Gesti\u00f3n Deportiva en la Municipalidad de<\/p>\n","protected":false},"author":96739694,"featured_media":144119,"comment_status":"closed","ping_status":"closed","sticky":false,"template":"","format":"standard","meta":{"_jetpack_memberships_contains_paid_content":false,"footnotes":""},"categories":[30,1],"tags":[],"class_list":["post-141779","post","type-post","status-publish","format-standard","has-post-thumbnail","hentry","category-polideportivo","category-portada"],"jetpack_featured_media_url":"https:\/\/i0.wp.com\/cdnoticias.com\/wp-content\/uploads\/2021\/09\/verna.png?fit=680%2C383&ssl=1","jetpack_sharing_enabled":true,"_links":{"self":[{"href":"https:\/\/cdnoticias.com\/index.php\/wp-json\/wp\/v2\/posts\/141779","targetHints":{"allow":["GET"]}}],"collection":[{"href":"https:\/\/cdnoticias.com\/index.php\/wp-json\/wp\/v2\/posts"}],"about":[{"href":"https:\/\/cdnoticias.com\/index.php\/wp-json\/wp\/v2\/types\/post"}],"author":[{"embeddable":true,"href":"https:\/\/cdnoticias.com\/index.php\/wp-json\/wp\/v2\/users\/96739694"}],"replies":[{"embeddable":true,"href":"https:\/\/cdnoticias.com\/index.php\/wp-json\/wp\/v2\/comments?post=141779"}],"version-history":[{"count":0,"href":"https:\/\/cdnoticias.com\/index.php\/wp-json\/wp\/v2\/posts\/141779\/revisions"}],"wp:featuredmedia":[{"embeddable":true,"href":"https:\/\/cdnoticias.com\/index.php\/wp-json\/wp\/v2\/media\/144119"}],"wp:attachment":[{"href":"https:\/\/cdnoticias.com\/index.php\/wp-json\/wp\/v2\/media?parent=141779"}],"wp:term":[{"taxonomy":"category","embeddable":true,"href":"https:\/\/cdnoticias.com\/index.php\/wp-json\/wp\/v2\/categories?post=141779"},{"taxonomy":"post_tag","embeddable":true,"href":"https:\/\/cdnoticias.com\/index.php\/wp-json\/wp\/v2\/tags?post=141779"}],"curies":[{"name":"wp","href":"https:\/\/api.w.org\/{rel}","templated":true}]}}