{"id":141777,"date":"2021-09-29T23:19:53","date_gmt":"2021-09-30T02:19:53","guid":{"rendered":"http:\/\/centraldeportes.com.ar\/?p=5658"},"modified":"2025-02-01T17:48:43","modified_gmt":"2025-02-01T20:48:43","slug":"estudiantes-perdio-en-la-pampa-por-el-torneo-clasificatorio","status":"publish","type":"post","link":"https:\/\/cdnoticias.com\/index.php\/2021\/09\/29\/estudiantes-perdio-en-la-pampa-por-el-torneo-clasificatorio\/","title":{"rendered":"Estudiantes perdi\u00f3 en La Pampa por el Torneo Clasificatorio"},"content":{"rendered":"<p>Este mi\u00e9rcoles en el inicio de una nueva instancia del Torneo Clasificatorio de la Federaci\u00f3n Bonaerense Pampeana, Estudiantes perdi\u00f3 ante Alvear Football Club por 1 a 0.<!--more--><\/p>\n<hr \/>\n<p>El \u201cBataraz\u201d se present\u00f3 en Alvear en una nueva llave del clasificatorio y fue con derrota ante los pampeanos que encontraron el gol Emanuel Morete a los 52\u00b4.<\/p>\n<p>&nbsp;<\/p>\n<p>La revancha se jugar\u00e1 el pr\u00f3ximo mi\u00e9rcoles en el estadio central del Parque Guerrero y los dirigidos por Enrique De la Vega deber\u00e1n ganar si quieren seguir con chances de lograr el ascenso al Torneo Regional Amateur.<\/p>\n","protected":false},"excerpt":{"rendered":"<p>Este mi\u00e9rcoles en el inicio de una nueva instancia del Torneo Clasificatorio de la Federaci\u00f3n Bonaerense Pampeana, Estudiantes perdi\u00f3 ante<\/p>\n","protected":false},"author":96739694,"featured_media":0,"comment_status":"closed","ping_status":"closed","sticky":false,"template":"","format":"standard","meta":{"_jetpack_memberships_contains_paid_content":false,"footnotes":""},"categories":[35,1,43],"tags":[],"class_list":["post-141777","post","type-post","status-publish","format-standard","hentry","category-futbol","category-portada","category-primera"],"jetpack_featured_media_url":"","jetpack_sharing_enabled":true,"_links":{"self":[{"href":"https:\/\/cdnoticias.com\/index.php\/wp-json\/wp\/v2\/posts\/141777","targetHints":{"allow":["GET"]}}],"collection":[{"href":"https:\/\/cdnoticias.com\/index.php\/wp-json\/wp\/v2\/posts"}],"about":[{"href":"https:\/\/cdnoticias.com\/index.php\/wp-json\/wp\/v2\/types\/post"}],"author":[{"embeddable":true,"href":"https:\/\/cdnoticias.com\/index.php\/wp-json\/wp\/v2\/users\/96739694"}],"replies":[{"embeddable":true,"href":"https:\/\/cdnoticias.com\/index.php\/wp-json\/wp\/v2\/comments?post=141777"}],"version-history":[{"count":0,"href":"https:\/\/cdnoticias.com\/index.php\/wp-json\/wp\/v2\/posts\/141777\/revisions"}],"wp:attachment":[{"href":"https:\/\/cdnoticias.com\/index.php\/wp-json\/wp\/v2\/media?parent=141777"}],"wp:term":[{"taxonomy":"category","embeddable":true,"href":"https:\/\/cdnoticias.com\/index.php\/wp-json\/wp\/v2\/categories?post=141777"},{"taxonomy":"post_tag","embeddable":true,"href":"https:\/\/cdnoticias.com\/index.php\/wp-json\/wp\/v2\/tags?post=141777"}],"curies":[{"name":"wp","href":"https:\/\/api.w.org\/{rel}","templated":true}]}}