{"id":141772,"date":"2021-09-29T17:33:31","date_gmt":"2021-09-29T20:33:31","guid":{"rendered":"http:\/\/centraldeportes.com.ar\/?p=5633"},"modified":"2025-02-01T17:49:01","modified_gmt":"2025-02-01T20:49:01","slug":"las-categorias-formativas-de-abo-tuvieron-actividad","status":"publish","type":"post","link":"https:\/\/cdnoticias.com\/index.php\/2021\/09\/29\/las-categorias-formativas-de-abo-tuvieron-actividad\/","title":{"rendered":"Las categor\u00edas formativas de ABO tuvieron actividad"},"content":{"rendered":"<p>El pasado s\u00e1bado tuvo continuidad el Torneo Oficial de categor\u00edas formativas de la Asociaci\u00f3n de B\u00e1squet de Olavarr\u00eda.<\/p>\n<p><!--more--><\/p>\n<hr \/>\n<p>Las dos zonas en las que dividieron los clubes para la realizaci\u00f3n del Torneo Oficial vieron acci\u00f3n el pasado fin de semana con el inicio de las revanchas.<\/p>\n<p>&nbsp;<\/p>\n<p>[soliloquy slug=&#8221;ferro-pueblo-nuevo-inferiores&#8221;]<\/p>\n<p>&nbsp;<\/p>\n<p>Los resultados que se registraron fueron:<\/p>\n<p>&nbsp;<\/p>\n<p>San Mart\u00edn \u2013 Las Flores B\u00e1sket:<br \/>\nMini: 60 \u2013 23<br \/>\nU13: 43 \u2013 41<br \/>\nU15: 62 \u2013 50<br \/>\nU17: 48 \u2013 52<br \/>\nFerro (M) \u2013 Pueblo Nuevo:<br \/>\nMini: 32 \u2013 35<br \/>\nU15: 42 \u2013 59<br \/>\nLoma Negra \u2013 Estudiantes:<br \/>\nMini: 18 \u2013 73<br \/>\nU13: 18 \u2013 106<br \/>\nU15: 12 \u2013 83<br \/>\nRacing \u2013 Ferro (F)<br \/>\nMini: 92 \u2013 21<br \/>\nU13: 62 \u2013 44<br \/>\nU17: 101 \u2013 45<\/p>\n","protected":false},"excerpt":{"rendered":"<p>El pasado s\u00e1bado tuvo continuidad el Torneo Oficial de categor\u00edas formativas de la Asociaci\u00f3n de B\u00e1squet de Olavarr\u00eda.<\/p>\n","protected":false},"author":96739694,"featured_media":0,"comment_status":"closed","ping_status":"closed","sticky":false,"template":"","format":"standard","meta":{"_jetpack_memberships_contains_paid_content":false,"footnotes":""},"categories":[31,44,1],"tags":[],"class_list":["post-141772","post","type-post","status-publish","format-standard","hentry","category-basquet","category-inferiores-basquet","category-portada"],"jetpack_featured_media_url":"","jetpack_sharing_enabled":true,"_links":{"self":[{"href":"https:\/\/cdnoticias.com\/index.php\/wp-json\/wp\/v2\/posts\/141772","targetHints":{"allow":["GET"]}}],"collection":[{"href":"https:\/\/cdnoticias.com\/index.php\/wp-json\/wp\/v2\/posts"}],"about":[{"href":"https:\/\/cdnoticias.com\/index.php\/wp-json\/wp\/v2\/types\/post"}],"author":[{"embeddable":true,"href":"https:\/\/cdnoticias.com\/index.php\/wp-json\/wp\/v2\/users\/96739694"}],"replies":[{"embeddable":true,"href":"https:\/\/cdnoticias.com\/index.php\/wp-json\/wp\/v2\/comments?post=141772"}],"version-history":[{"count":0,"href":"https:\/\/cdnoticias.com\/index.php\/wp-json\/wp\/v2\/posts\/141772\/revisions"}],"wp:attachment":[{"href":"https:\/\/cdnoticias.com\/index.php\/wp-json\/wp\/v2\/media?parent=141772"}],"wp:term":[{"taxonomy":"category","embeddable":true,"href":"https:\/\/cdnoticias.com\/index.php\/wp-json\/wp\/v2\/categories?post=141772"},{"taxonomy":"post_tag","embeddable":true,"href":"https:\/\/cdnoticias.com\/index.php\/wp-json\/wp\/v2\/tags?post=141772"}],"curies":[{"name":"wp","href":"https:\/\/api.w.org\/{rel}","templated":true}]}}