{"id":141767,"date":"2021-09-28T19:39:44","date_gmt":"2021-09-28T22:39:44","guid":{"rendered":"http:\/\/centraldeportes.com.ar\/?p=5610"},"modified":"2025-02-01T17:49:55","modified_gmt":"2025-02-01T20:49:55","slug":"actividad-para-el-certamen-de-la-agrupacion-de-padel-olavarriense","status":"publish","type":"post","link":"https:\/\/cdnoticias.com\/index.php\/2021\/09\/28\/actividad-para-el-certamen-de-la-agrupacion-de-padel-olavarriense\/","title":{"rendered":"Actividad para el certamen de la Agrupaci\u00f3n de P\u00e1del Olavarriense"},"content":{"rendered":"<p>Los complejos olavarrienses recibieron la actividad del calendario de la Agrupaci\u00f3n de Padel Olavarriense que se disput\u00f3 entre s\u00e1bado y domingo.<\/p>\n<p><!--more--><\/p>\n<hr \/>\n<p>Teo Gamondi y Joaqu\u00edn Marcos lograron superar en la final de la categor\u00eda Libre a la pareja de Ignacio Lascioli y Pablo Ciancio en sets corridos por 7\/6 y 7\/5. En semifinales los campeones hab\u00edan superado a Reyes\/Palacios, mientras que los subcampeones hicieron lo propio con Musumecci\/Dom\u00ednguez.<\/p>\n<p>&nbsp;<\/p>\n<p>En S\u00e9ptima B Damas, La dupla de Luciana Navarro y Soledad Stalldecker venci\u00f3 en la final a Juliana Bravo y Natalia Rodr\u00edguez por 6\/1 y 6\/3. Previamente por las semifinales hab\u00edan quedado en el camino Barreca\/Guanuco y Nievas\/Pi\u00f1el respectivamente.<\/p>\n<p>&nbsp;<\/p>\n<p>Las campeonas en Sexta Damas fueron Marcela Gyarmatti y Juliana Gainza. En una final de gran nivel se impusieron frente al binomio compuesto por Julieta Beorlegui y Florencia Rodr\u00edguez en tres sets por 6\/4, 4\/6 y 6\/3. En las semifinales las campeonas superaron Salvaneschi\/Garc\u00eda mientras que las segundas hicieron lo propio con Da Costa\/Pi\u00f1ero.<\/p>\n<p>&nbsp;<\/p>\n<p><img data-recalc-dims=\"1\" loading=\"lazy\" decoding=\"async\" class=\"aligncenter size-full wp-image-5612\" src=\"https:\/\/i0.wp.com\/centraldeportes.com.ar\/wp-content\/uploads\/2021\/09\/apo-1-1.png?resize=800%2C533\" alt=\"\" width=\"800\" height=\"533\" \/><\/p>\n<p>&nbsp;<\/p>\n<p>Agustin Eyler y Bernardo Santos se consagraron en Septima B Caballeros tras superar en la final a Felipe Pellejero y Sebasti\u00e1n Lizazu por 6\/1 y 6\/3. Por semifinales los campeones superaron a Vedelini\/Krasser mientras que los subcampeones hicieron lo propio con Rey\/Velis.<\/p>\n<p>&nbsp;<\/p>\n<p>En Cuarta Caballeros y en una final de gran nivel, Mario Iturregui y Fabian Briones salieron campeones tras imponerse frente a Paulo Lanaro y Gast\u00f3n V\u00e1zquez por un resultado final de 2\/6, 6\/4 y 6\/4. Horas previas los campeones hab\u00edan dejado en el camino a Luciano Vena y Mat\u00edas Montesano mientras que los subcampeones hicieron lo mismo con Emanuel Lis y Agust\u00edn Hern\u00e1ndez.<\/p>\n<p>&nbsp;<\/p>\n<p>Franco Mujica y Fernando Del Valle se consagraron en Sexta Caballeros, la dupla logro superar en sets corridos 6\/4 y 7\/6 a Nicolas Stremel y Matias Eyarch. Horas antes por semifinales los campeones dejaron en el camino a Suarez\/Borguez mientras que los segundo hicieron lo propio con Merlos\/G\u00f3mez.<\/p>\n","protected":false},"excerpt":{"rendered":"<p>Los complejos olavarrienses recibieron la actividad del calendario de la Agrupaci\u00f3n de Padel Olavarriense que se disput\u00f3 entre s\u00e1bado y<\/p>\n","protected":false},"author":96739694,"featured_media":144139,"comment_status":"closed","ping_status":"closed","sticky":false,"template":"","format":"standard","meta":{"_jetpack_memberships_contains_paid_content":false,"footnotes":""},"categories":[30,1],"tags":[],"class_list":["post-141767","post","type-post","status-publish","format-standard","has-post-thumbnail","hentry","category-polideportivo","category-portada"],"jetpack_featured_media_url":"https:\/\/i0.wp.com\/cdnoticias.com\/wp-content\/uploads\/2021\/09\/apo-2.png?fit=1280%2C853&ssl=1","jetpack_sharing_enabled":true,"_links":{"self":[{"href":"https:\/\/cdnoticias.com\/index.php\/wp-json\/wp\/v2\/posts\/141767","targetHints":{"allow":["GET"]}}],"collection":[{"href":"https:\/\/cdnoticias.com\/index.php\/wp-json\/wp\/v2\/posts"}],"about":[{"href":"https:\/\/cdnoticias.com\/index.php\/wp-json\/wp\/v2\/types\/post"}],"author":[{"embeddable":true,"href":"https:\/\/cdnoticias.com\/index.php\/wp-json\/wp\/v2\/users\/96739694"}],"replies":[{"embeddable":true,"href":"https:\/\/cdnoticias.com\/index.php\/wp-json\/wp\/v2\/comments?post=141767"}],"version-history":[{"count":0,"href":"https:\/\/cdnoticias.com\/index.php\/wp-json\/wp\/v2\/posts\/141767\/revisions"}],"wp:featuredmedia":[{"embeddable":true,"href":"https:\/\/cdnoticias.com\/index.php\/wp-json\/wp\/v2\/media\/144139"}],"wp:attachment":[{"href":"https:\/\/cdnoticias.com\/index.php\/wp-json\/wp\/v2\/media?parent=141767"}],"wp:term":[{"taxonomy":"category","embeddable":true,"href":"https:\/\/cdnoticias.com\/index.php\/wp-json\/wp\/v2\/categories?post=141767"},{"taxonomy":"post_tag","embeddable":true,"href":"https:\/\/cdnoticias.com\/index.php\/wp-json\/wp\/v2\/tags?post=141767"}],"curies":[{"name":"wp","href":"https:\/\/api.w.org\/{rel}","templated":true}]}}