{"id":141765,"date":"2021-09-28T16:52:38","date_gmt":"2021-09-28T19:52:38","guid":{"rendered":"http:\/\/centraldeportes.com.ar\/?p=5605"},"modified":"2025-02-01T17:43:05","modified_gmt":"2025-02-01T20:43:05","slug":"representantes-de-estudiantes-corrieron-en-tandil","status":"publish","type":"post","link":"https:\/\/cdnoticias.com\/index.php\/2021\/09\/28\/representantes-de-estudiantes-corrieron-en-tandil\/","title":{"rendered":"Representantes de Estudiantes corrieron en Tandil\u00a0"},"content":{"rendered":"<p>El pasado s\u00e1bado, en la localidad vecina de Tandil se realiz\u00f3 un Torneo Provincial de velocidad en el que participaron palistas del Club Estudiantes.<!--more--><\/p>\n<hr \/>\n<p>Los representes del \u201cBataraz\u201d lograron destacados resultados aprovechando la jornada primaveral del pasado s\u00e1bado:<\/p>\n<div dir=\"auto\">K-1 &#8211; 200 M<\/div>\n<div dir=\"auto\">1\u00b0 Bruno Eyler<\/div>\n<div dir=\"auto\">3\u00b0 Mat\u00edas Fuentes<\/div>\n<div dir=\"auto\">K-1 &#8211; 2000 M<\/div>\n<div dir=\"auto\">3\u00b0 Donato Spaltro<\/div>\n<div dir=\"auto\">430-2000<\/div>\n<div dir=\"auto\">1\u00b0 Maitena Jorge<\/div>\n<div dir=\"auto\">2\u00b0 Consuelo Mart\u00ednez<\/div>\n<div dir=\"auto\">K1 \u2013 2000 M<\/div>\n<div dir=\"auto\">3\u00b0 Martina Rodr\u00edguez<\/div>\n<div dir=\"auto\">430-200<\/div>\n<div dir=\"auto\">1\u00b0 Lisandro Dietrich<\/div>\n<div dir=\"auto\">Can &#8211; 200<\/div>\n<div dir=\"auto\">4\u00b0 Lisandro Dietrich\/Galo Gallastegui<\/div>\n<div dir=\"auto\">K1 \u2013 2000 M<\/div>\n<div dir=\"auto\">1\u00b0 Maitena Jorge<\/div>\n<div dir=\"auto\">2\u00b0 Consuelo Mart\u00ednez<\/div>\n<div dir=\"auto\">430-2000<\/div>\n<div dir=\"auto\">3\u00b0 Martina Rodr\u00edguez<\/div>\n<div dir=\"auto\">K1 \u2013 2000 M<\/div>\n<div dir=\"auto\">1\u00b0 Bruno Eyler<\/div>\n<div dir=\"auto\"><\/div>\n<div dir=\"auto\">Adem\u00e1s, participaron Galo Gallastegui, Santiago Moya , Santiago Torres, Matheo Dos Santos, Naiara Rojo, Paloma Botta, Jazm\u00edn R\u00edos, Imanol Salguero, Manuel Criscuolo, Mart\u00edn Torres, Maximiliano Cooper, Tom\u00e1s Viola y Ariel Rojo.<\/div>\n","protected":false},"excerpt":{"rendered":"<p>El pasado s\u00e1bado, en la localidad vecina de Tandil se realiz\u00f3 un Torneo Provincial de velocidad en el que participaron<\/p>\n","protected":false},"author":96739694,"featured_media":143533,"comment_status":"closed","ping_status":"closed","sticky":false,"template":"","format":"standard","meta":{"_jetpack_memberships_contains_paid_content":false,"footnotes":""},"categories":[30,1],"tags":[],"class_list":["post-141765","post","type-post","status-publish","format-standard","has-post-thumbnail","hentry","category-polideportivo","category-portada"],"jetpack_featured_media_url":"https:\/\/i0.wp.com\/cdnoticias.com\/wp-content\/uploads\/2021\/09\/17992078_10154608630567689_5891200488669131929_n-1-777x437.jpg?fit=777%2C437&ssl=1","jetpack_sharing_enabled":true,"_links":{"self":[{"href":"https:\/\/cdnoticias.com\/index.php\/wp-json\/wp\/v2\/posts\/141765","targetHints":{"allow":["GET"]}}],"collection":[{"href":"https:\/\/cdnoticias.com\/index.php\/wp-json\/wp\/v2\/posts"}],"about":[{"href":"https:\/\/cdnoticias.com\/index.php\/wp-json\/wp\/v2\/types\/post"}],"author":[{"embeddable":true,"href":"https:\/\/cdnoticias.com\/index.php\/wp-json\/wp\/v2\/users\/96739694"}],"replies":[{"embeddable":true,"href":"https:\/\/cdnoticias.com\/index.php\/wp-json\/wp\/v2\/comments?post=141765"}],"version-history":[{"count":0,"href":"https:\/\/cdnoticias.com\/index.php\/wp-json\/wp\/v2\/posts\/141765\/revisions"}],"wp:featuredmedia":[{"embeddable":true,"href":"https:\/\/cdnoticias.com\/index.php\/wp-json\/wp\/v2\/media\/143533"}],"wp:attachment":[{"href":"https:\/\/cdnoticias.com\/index.php\/wp-json\/wp\/v2\/media?parent=141765"}],"wp:term":[{"taxonomy":"category","embeddable":true,"href":"https:\/\/cdnoticias.com\/index.php\/wp-json\/wp\/v2\/categories?post=141765"},{"taxonomy":"post_tag","embeddable":true,"href":"https:\/\/cdnoticias.com\/index.php\/wp-json\/wp\/v2\/tags?post=141765"}],"curies":[{"name":"wp","href":"https:\/\/api.w.org\/{rel}","templated":true}]}}