{"id":141754,"date":"2021-09-27T11:36:11","date_gmt":"2021-09-27T14:36:11","guid":{"rendered":"http:\/\/centraldeportes.com.ar\/?p=5549"},"modified":"2025-02-01T17:43:57","modified_gmt":"2025-02-01T20:43:57","slug":"nicolas-pezzucchi-abandono-pero-esta-entre-los-doce-del-playoffs","status":"publish","type":"post","link":"https:\/\/cdnoticias.com\/index.php\/2021\/09\/27\/nicolas-pezzucchi-abandono-pero-esta-entre-los-doce-del-playoffs\/","title":{"rendered":"Nicol\u00e1s Pezzucchi abandon\u00f3 pero est\u00e1 entre los doce del Playoffs"},"content":{"rendered":"<p>La \u00faltima fecha de la fase regular de las TC Pick Up no tuvo el resultado esperado para el piloto olavarriense, que debi\u00f3 abandonar por problemas en la Nissan. Pese a ello qued\u00f3 quinto en el torneo y es uno de los doce candidatos al t\u00edtulo. Pedro Boero se qued\u00f3 con el triunfo y Juan Pablo Gianini gan\u00f3 la fase regular.<!--more--><\/p>\n<hr \/>\n<p>En el \u201cRoberto Mouras\u201d de La Plata se desarroll\u00f3 este fin de semana la \u00faltima fecha de la fase regular de las camionetas de la ACTC. No fue la mejor presentaci\u00f3n para el olavarriense ya que debi\u00f3 abandonar por problemas en la Nissan, de todos modos la clasificaci\u00f3n del s\u00e1bado ya lo mostr\u00f3 en el puesto 13\u00ba, lejos de sus pretensiones.<\/p>\n<p>&nbsp;<\/p>\n<p>Pezzucchi ten\u00eda chances de ganar la fase regular, lo que le entregar\u00eda puntaje extra para comenzar la definici\u00f3n del torneo en las \u00faltimas tres fechas, pero el abandon\u00f3 lo hizo caer del segundo al quinto lugar del torneo. Gianini, que fue segundo en la final, se llev\u00f3 la fase regular y comienza el torneo desde el primer lugar.<\/p>\n<p>&nbsp;<\/p>\n<p>Pedro Boero gan\u00f3 por primera vez en las TC Pick Up y ratific\u00f3 el gran trabajo realizado en la clasificaci\u00f3n. Juan Pablo Gianini y Andr\u00e9s Jakos lo escoltaron el podio.<\/p>\n<p>&nbsp;<\/p>\n<p>El 10 de Octubre en La Plata iniciar\u00e1 el Playoffs, con Gianini como l\u00edder, seguido de Andy Jakos, el \u201cGur\u00ed\u201d Mart\u00ednez, Mariano Werner, Nicol\u00e1s Pezzucchi, Gast\u00f3n Rossi, Gast\u00f3n Mazzacane, Federico P\u00e9rez, Diego De Carlo, Franco De Benedictis, Mat\u00edas Rodr\u00edguez y Mat\u00edas Jalaf.<\/p>\n","protected":false},"excerpt":{"rendered":"<p>La \u00faltima fecha de la fase regular de las TC Pick Up no tuvo el resultado esperado para el piloto<\/p>\n","protected":false},"author":96739694,"featured_media":144076,"comment_status":"closed","ping_status":"closed","sticky":false,"template":"","format":"standard","meta":{"_jetpack_memberships_contains_paid_content":false,"footnotes":""},"categories":[34,1,39],"tags":[],"class_list":["post-141754","post","type-post","status-publish","format-standard","has-post-thumbnail","hentry","category-automovilismo","category-portada","category-tc-pick-up"],"jetpack_featured_media_url":"https:\/\/i0.wp.com\/cdnoticias.com\/wp-content\/uploads\/2021\/09\/WhatsApp-Image-2021-09-27-at-10.26.49.jpeg?fit=1200%2C800&ssl=1","jetpack_sharing_enabled":true,"_links":{"self":[{"href":"https:\/\/cdnoticias.com\/index.php\/wp-json\/wp\/v2\/posts\/141754","targetHints":{"allow":["GET"]}}],"collection":[{"href":"https:\/\/cdnoticias.com\/index.php\/wp-json\/wp\/v2\/posts"}],"about":[{"href":"https:\/\/cdnoticias.com\/index.php\/wp-json\/wp\/v2\/types\/post"}],"author":[{"embeddable":true,"href":"https:\/\/cdnoticias.com\/index.php\/wp-json\/wp\/v2\/users\/96739694"}],"replies":[{"embeddable":true,"href":"https:\/\/cdnoticias.com\/index.php\/wp-json\/wp\/v2\/comments?post=141754"}],"version-history":[{"count":0,"href":"https:\/\/cdnoticias.com\/index.php\/wp-json\/wp\/v2\/posts\/141754\/revisions"}],"wp:featuredmedia":[{"embeddable":true,"href":"https:\/\/cdnoticias.com\/index.php\/wp-json\/wp\/v2\/media\/144076"}],"wp:attachment":[{"href":"https:\/\/cdnoticias.com\/index.php\/wp-json\/wp\/v2\/media?parent=141754"}],"wp:term":[{"taxonomy":"category","embeddable":true,"href":"https:\/\/cdnoticias.com\/index.php\/wp-json\/wp\/v2\/categories?post=141754"},{"taxonomy":"post_tag","embeddable":true,"href":"https:\/\/cdnoticias.com\/index.php\/wp-json\/wp\/v2\/tags?post=141754"}],"curies":[{"name":"wp","href":"https:\/\/api.w.org\/{rel}","templated":true}]}}