{"id":141753,"date":"2021-09-27T00:10:14","date_gmt":"2021-09-27T03:10:14","guid":{"rendered":"http:\/\/centraldeportes.com.ar\/?p=5517"},"modified":"2025-02-01T17:43:59","modified_gmt":"2025-02-01T20:43:59","slug":"macaluso-herrera-y-bibiloni-vernice-los-binomio-vencedores","status":"publish","type":"post","link":"https:\/\/cdnoticias.com\/index.php\/2021\/09\/27\/macaluso-herrera-y-bibiloni-vernice-los-binomio-vencedores\/","title":{"rendered":"Macaluso-Herrera y Bibiloni-Vernice los binomio vencedores"},"content":{"rendered":"<p>Las Promocionales corrieron con invitados en el Amco y Carlos Macaluso junto a Agust\u00edn Herrera festejaron en la Promo. Emanuel Bibiloni junto a Guido Vernice vencieron en la Monomarca. La Copa Gol y el TSS acompa\u00f1aron el espect\u00e1culo y los binomios Juan Carlos L\u00f3pez &#8211; Mart\u00edn Laborda y Andr\u00e9s De Vega &#8211; Luis Mor\u00ed fueron los vencedores.<!--more--><\/p>\n<hr \/>\n<p>Emanuel Bibiloni y Guido Vernice se quedaron con la general de la Monomarca 1100, producto de la victoria de la suma de tiempo de las dos finales, en donde Vernice arrib\u00f3 segundo y Bibiloni gan\u00f3 su final.<\/p>\n<p>&nbsp;<\/p>\n<p>Oscar Fornes junto a Mart\u00edn Laborda quedaron segundos en la general, tras la gran labor de Mart\u00edn que domin\u00f3 la final de los titulares. El tercer escal\u00f3n del podio fue para Nicol\u00e1s Mazzuchini que comparti\u00f3 el auto con Leandro Vallasciani.<\/p>\n<p>&nbsp;<\/p>\n<p>Facundo \u00c1lvarez junto a Segovia arribaron cuartos, quintos el binomio Sequi-Kreit, sextos Melian-Romero, s\u00e9ptimos<br \/>\nMadina-Dominguez, octavo Picone-Barbalarga, noveno Valisi-Chicco y d\u00e9cimo Solis-Fauret.<\/p>\n<p>&nbsp;<\/p>\n<p>[soliloquy slug=&#8221;ganadores-monomarca&#8221;]<\/p>\n<p>&nbsp;<\/p>\n<p>En la Promocional la suma de tiempos le dio la victoria a Carlos Macaluso junto a Agust\u00edn Herrera, este \u00faltimo se qued\u00f3 con la victoria entre los titulares, luego de una gran carrera y tras recuperarse de un toque. Macaluso por su parte corri\u00f3 con la diferencia a favor y juntos se llevaron el triunfo.<\/p>\n<p>&nbsp;<\/p>\n<p>C\u00e9sar Gonz\u00e1lez junto Mat\u00edas Cabez\u00f3n se quedaron con el segundos lugar en la general, mientras que Manuel Mentasty junto al piloto de TC, Germ\u00e1n Todino, ocuparon el \u00faltimo escal\u00f3n del podio.<\/p>\n<p>&nbsp;<\/p>\n<p>Brian Stracquadaini gan\u00f3 la final de titulares y junto a Rafael Stracuadaini ocuparon el cuarto puesto en la general. Quinto fueron Gisler &#8211; Leguizam\u00f3n, sexto Del Giorgio &#8211; Ugarte, s\u00e9ptimos Gelso &#8211; Gelso, octavo Serra &#8211; Serra, noveno Collodoro &#8211; Tambucci y d\u00e9cimo Fucci &#8211; Carballo.<\/p>\n<p>&nbsp;<\/p>\n<p>[soliloquy slug=&#8221;apps-3&#8243;]<\/p>\n<p>&nbsp;<\/p>\n<p>En la Copa VW Gol Juan Carlos L\u00f3pez junto a Mart\u00edn Laborda ganaron son complicaciones, favorecidos por la ausencia del puntero del campeonato, Sebasti\u00e1n Cipr\u00e9s que rompi\u00f3 el motor y la caja. Mat\u00edas Errobidart junto a Calle y Daniel Albano con Crevatin completaron el podio. Lucas Errobidart fue cuarto sin invitado y las duplas Mantelli &#8211; Poggi, Sosa &#8211; Blanco, Lardapide &#8211; Collodoro arribaron detr\u00e1s.<\/p>\n<p>&nbsp;<\/p>\n<p>En el Turismo Sport del Sudeste, la general fue Andr\u00e9s De Vega con Lu\u00eds Mor\u00ed, segundos quedaron Dami\u00e1n Covatti con Santilli Pazos, y Jos\u00e9 Fern\u00e1ndez corri\u00f3 ambas finales y fue tercero en la general.<\/p>\n","protected":false},"excerpt":{"rendered":"<p>Las Promocionales corrieron con invitados en el Amco y Carlos Macaluso junto a Agust\u00edn Herrera festejaron en la Promo. Emanuel<\/p>\n","protected":false},"author":96739694,"featured_media":144078,"comment_status":"closed","ping_status":"closed","sticky":false,"template":"","format":"standard","meta":{"_jetpack_memberships_contains_paid_content":false,"footnotes":""},"categories":[51,34,52,1,53],"tags":[],"class_list":["post-141753","post","type-post","status-publish","format-standard","has-post-thumbnail","hentry","category-apps","category-automovilismo","category-vw-gol","category-portada","category-tss"],"jetpack_featured_media_url":"https:\/\/i0.wp.com\/cdnoticias.com\/wp-content\/uploads\/2021\/09\/ganadores-monomarca-1.png?fit=1280%2C853&ssl=1","jetpack_sharing_enabled":true,"_links":{"self":[{"href":"https:\/\/cdnoticias.com\/index.php\/wp-json\/wp\/v2\/posts\/141753","targetHints":{"allow":["GET"]}}],"collection":[{"href":"https:\/\/cdnoticias.com\/index.php\/wp-json\/wp\/v2\/posts"}],"about":[{"href":"https:\/\/cdnoticias.com\/index.php\/wp-json\/wp\/v2\/types\/post"}],"author":[{"embeddable":true,"href":"https:\/\/cdnoticias.com\/index.php\/wp-json\/wp\/v2\/users\/96739694"}],"replies":[{"embeddable":true,"href":"https:\/\/cdnoticias.com\/index.php\/wp-json\/wp\/v2\/comments?post=141753"}],"version-history":[{"count":0,"href":"https:\/\/cdnoticias.com\/index.php\/wp-json\/wp\/v2\/posts\/141753\/revisions"}],"wp:featuredmedia":[{"embeddable":true,"href":"https:\/\/cdnoticias.com\/index.php\/wp-json\/wp\/v2\/media\/144078"}],"wp:attachment":[{"href":"https:\/\/cdnoticias.com\/index.php\/wp-json\/wp\/v2\/media?parent=141753"}],"wp:term":[{"taxonomy":"category","embeddable":true,"href":"https:\/\/cdnoticias.com\/index.php\/wp-json\/wp\/v2\/categories?post=141753"},{"taxonomy":"post_tag","embeddable":true,"href":"https:\/\/cdnoticias.com\/index.php\/wp-json\/wp\/v2\/tags?post=141753"}],"curies":[{"name":"wp","href":"https:\/\/api.w.org\/{rel}","templated":true}]}}