{"id":141738,"date":"2021-09-25T02:26:48","date_gmt":"2021-09-25T05:26:48","guid":{"rendered":"http:\/\/centraldeportes.com.ar\/?p=5395"},"modified":"2025-02-01T17:36:45","modified_gmt":"2025-02-01T20:36:45","slug":"en-el-domingo-colasurdo-inicio-la-ultima-fecha-de-inferiores","status":"publish","type":"post","link":"https:\/\/cdnoticias.com\/index.php\/2021\/09\/25\/en-el-domingo-colasurdo-inicio-la-ultima-fecha-de-inferiores\/","title":{"rendered":"En el Domingo Colasurdo, inici\u00f3 la \u00faltima fecha de Inferiores"},"content":{"rendered":"<p>La \u00faltima fecha del Torneo Apertura de inferiores inici\u00f3 este viernes en el Domingo Colasurdo con dos partidos entre Ferro y Loma Negra.<!--more--><\/p>\n<hr \/>\n<p>La actividad inici\u00f3 con el partido en Sexta Divisi\u00f3n donde se impuso el \u201cCarbonero\u201d\u00a0 por 2 a 1 y luego, en Quinta fue empate 1 a 1.<\/p>\n<p>&nbsp;<\/p>\n<p>[soliloquy slug=&#8221;futbol-inferiores&#8221;]<\/p>\n<p>&nbsp;<\/p>\n<p>La actividad se extender\u00e1 durante toda la jornada sabatina para darse a conocer los campeones de la competencia.<\/p>\n","protected":false},"excerpt":{"rendered":"<p>La \u00faltima fecha del Torneo Apertura de inferiores inici\u00f3 este viernes en el Domingo Colasurdo con dos partidos entre Ferro<\/p>\n","protected":false},"author":96739694,"featured_media":0,"comment_status":"closed","ping_status":"closed","sticky":false,"template":"","format":"standard","meta":{"_jetpack_memberships_contains_paid_content":false,"footnotes":""},"categories":[35,40,1],"tags":[],"class_list":["post-141738","post","type-post","status-publish","format-standard","hentry","category-futbol","category-inferiores","category-portada"],"jetpack_featured_media_url":"","jetpack_sharing_enabled":true,"_links":{"self":[{"href":"https:\/\/cdnoticias.com\/index.php\/wp-json\/wp\/v2\/posts\/141738","targetHints":{"allow":["GET"]}}],"collection":[{"href":"https:\/\/cdnoticias.com\/index.php\/wp-json\/wp\/v2\/posts"}],"about":[{"href":"https:\/\/cdnoticias.com\/index.php\/wp-json\/wp\/v2\/types\/post"}],"author":[{"embeddable":true,"href":"https:\/\/cdnoticias.com\/index.php\/wp-json\/wp\/v2\/users\/96739694"}],"replies":[{"embeddable":true,"href":"https:\/\/cdnoticias.com\/index.php\/wp-json\/wp\/v2\/comments?post=141738"}],"version-history":[{"count":0,"href":"https:\/\/cdnoticias.com\/index.php\/wp-json\/wp\/v2\/posts\/141738\/revisions"}],"wp:attachment":[{"href":"https:\/\/cdnoticias.com\/index.php\/wp-json\/wp\/v2\/media?parent=141738"}],"wp:term":[{"taxonomy":"category","embeddable":true,"href":"https:\/\/cdnoticias.com\/index.php\/wp-json\/wp\/v2\/categories?post=141738"},{"taxonomy":"post_tag","embeddable":true,"href":"https:\/\/cdnoticias.com\/index.php\/wp-json\/wp\/v2\/tags?post=141738"}],"curies":[{"name":"wp","href":"https:\/\/api.w.org\/{rel}","templated":true}]}}