{"id":141734,"date":"2021-09-24T14:37:02","date_gmt":"2021-09-24T17:37:02","guid":{"rendered":"http:\/\/centraldeportes.com.ar\/?p=5383"},"modified":"2025-02-01T17:36:57","modified_gmt":"2025-02-01T20:36:57","slug":"tenis-de-mesa-mariano-moreno-esta-listo-para-la-copa-ciudad-de-olavarria","status":"publish","type":"post","link":"https:\/\/cdnoticias.com\/index.php\/2021\/09\/24\/tenis-de-mesa-mariano-moreno-esta-listo-para-la-copa-ciudad-de-olavarria\/","title":{"rendered":"Tenis de mesa: Mariano Moreno est\u00e1 listo para la \u201cCopa Ciudad de Olavarr\u00eda\u201d"},"content":{"rendered":"<p>Entre s\u00e1bado y domingo en la Sociedad de Fomento Mariano Moreno recibir\u00e1 la \u201cCopa Ciudad de Olavarr\u00eda\u201d y en la previa, desde la organizaci\u00f3n hablaron con La Ma\u00f1ana de Radio Universidad.<!--more--><\/p>\n<hr \/>\n<p>Este fin de semana se disputar\u00e1 la \u201cCopa Ciudad de Olavarr\u00eda\u201d de tenis de mesa con la participaci\u00f3n de medio centenar de deportistas representantes de Azul, Tandil, Bol\u00edvar, Daireaux y Saladillo, adem\u00e1s de los representantes locales y en la previa, Ezequiel Berges habl\u00f3 sobre la organizaci\u00f3n, la competencia y las expectativas para la Asociaci\u00f3n de Tenis de Mesa de Olavarr\u00eda de la cual forma parte.<\/p>\n<p>&nbsp;<\/p>\n<p>\u201c<strong><em>El Torneo es parte de un circuito regional que fund\u00f3 Tandil y a las que nos sumamos con Azul y que sirve para sumar puntos para poder clasificar a los torneos m\u00e1s importantes que tiene la Federaci\u00f3n Argentina de Tenis de Mesa y poder tambi\u00e9n tener nuestros jugadores federados<\/em><\/strong>\u201d, comenz\u00f3 diciendo el tambi\u00e9n deportista que dir\u00e1 presente en el certamen que comenzar\u00e1 el s\u00e1bado con tres categor\u00edas.<\/p>\n<p>&nbsp;<\/p>\n<p>Ezequiel Berges cont\u00f3 que \u201c<strong>tenemos la expectativa de que eso sea una fiesta que se pueda disfrutar de la mejor manera y con la idea de fortalecer la zona, que se conozcan los jugadores y que puedan compartir estos momentos<\/strong>\u201d.<\/p>\n<p>&nbsp;<\/p>\n<p>La jornada sabatina tambi\u00e9n tendr\u00e1 la competencia de 8va a las 11:00, 7ma a las 15 y 6ta a las 17:30. Por su parte el domingo se jugar\u00e1n las categor\u00edas superiores. Quinta a las 11, 4ta a las 15 y 3ra a las 17:30. En todas las divisionales habr\u00e1 premios hasta el tercer puesto.<\/p>\n<p>&nbsp;<\/p>\n<p>Por \u00faltimo, el representante de ATEMO cont\u00f3 que la posibilidad de organizar el certamen con el apoyo de la Municipalidad de Olavarr\u00eda y la Sociedad de Fomento Mariano Moreno es \u201c<strong><em>una muy buena herramienta para crecer en el deporte, que se popularice m\u00e1s y que le llegue a m\u00e1s personas para que lo puedan practicar<\/em><\/strong>\u201d.<\/p>\n","protected":false},"excerpt":{"rendered":"<p>Entre s\u00e1bado y domingo en la Sociedad de Fomento Mariano Moreno recibir\u00e1 la \u201cCopa Ciudad de Olavarr\u00eda\u201d y en la<\/p>\n","protected":false},"author":96739694,"featured_media":0,"comment_status":"closed","ping_status":"closed","sticky":false,"template":"","format":"standard","meta":{"_jetpack_memberships_contains_paid_content":false,"footnotes":""},"categories":[30,1],"tags":[],"class_list":["post-141734","post","type-post","status-publish","format-standard","hentry","category-polideportivo","category-portada"],"jetpack_featured_media_url":"","jetpack_sharing_enabled":true,"_links":{"self":[{"href":"https:\/\/cdnoticias.com\/index.php\/wp-json\/wp\/v2\/posts\/141734","targetHints":{"allow":["GET"]}}],"collection":[{"href":"https:\/\/cdnoticias.com\/index.php\/wp-json\/wp\/v2\/posts"}],"about":[{"href":"https:\/\/cdnoticias.com\/index.php\/wp-json\/wp\/v2\/types\/post"}],"author":[{"embeddable":true,"href":"https:\/\/cdnoticias.com\/index.php\/wp-json\/wp\/v2\/users\/96739694"}],"replies":[{"embeddable":true,"href":"https:\/\/cdnoticias.com\/index.php\/wp-json\/wp\/v2\/comments?post=141734"}],"version-history":[{"count":0,"href":"https:\/\/cdnoticias.com\/index.php\/wp-json\/wp\/v2\/posts\/141734\/revisions"}],"wp:attachment":[{"href":"https:\/\/cdnoticias.com\/index.php\/wp-json\/wp\/v2\/media?parent=141734"}],"wp:term":[{"taxonomy":"category","embeddable":true,"href":"https:\/\/cdnoticias.com\/index.php\/wp-json\/wp\/v2\/categories?post=141734"},{"taxonomy":"post_tag","embeddable":true,"href":"https:\/\/cdnoticias.com\/index.php\/wp-json\/wp\/v2\/tags?post=141734"}],"curies":[{"name":"wp","href":"https:\/\/api.w.org\/{rel}","templated":true}]}}