{"id":141729,"date":"2021-09-23T17:48:03","date_gmt":"2021-09-23T20:48:03","guid":{"rendered":"http:\/\/centraldeportes.com.ar\/?p=5365"},"modified":"2025-02-01T17:37:30","modified_gmt":"2025-02-01T20:37:30","slug":"volvio-la-competencia-de-patin-artistico-al-macrogimnasio","status":"publish","type":"post","link":"https:\/\/cdnoticias.com\/index.php\/2021\/09\/23\/volvio-la-competencia-de-patin-artistico-al-macrogimnasio\/","title":{"rendered":"Volvi\u00f3 la competencia de pat\u00edn art\u00edstico al Macrogimnasio"},"content":{"rendered":"<p>Desde el viernes y hasta el domingo, en el Macrogimnasio del Parque Guerrero, tuvo lugar el regreso del pat\u00edn art\u00edstico con la disputa de un Regional organizado por la Asociaci\u00f3n de Pat\u00edn del Centro.<!--more--><\/p>\n<hr \/>\n<p>&nbsp;<\/p>\n<p>Estudiantes, Loma Negra y Club Boca dijeron presente en la competencia y las anfitrionas lograron una gran performance:<\/p>\n<p>DANZA<br \/>\nDivisional C B\u00e1sico:<br \/>\n12 y 13 a\u00f1os:<br \/>\n1\u00b0 Albertelli Ambar; 2\u00b0 Gerbaix Azul; 3\u00b0 Coria Paulina; 4\u00b0 Demarco Agostina; 5\u00b0Melffi Agustina<br \/>\n14 y 15 a\u00f1os:<br \/>\n1\u00b0 Casta\u00f1ares Luc\u00eda; 2\u00b0 Rodriguez Jazm\u00edn<br \/>\nCategor\u00eda Juvenil B\u00e1sico<br \/>\n1\u00b0 Maldonado Luna<br \/>\nCategor\u00eda Junior B\u00e1sico<br \/>\n2\u00b0 Weimann Camila<br \/>\nCategor\u00eda Juvenil Elite<br \/>\n1\u00b0 Zarate Macarena.<br \/>\nESCUELA<br \/>\nCategor\u00eda 2da B Infantil:<br \/>\n1\u00b0 Aquila Giuliana<br \/>\nCategor\u00eda 2da B Junior<br \/>\n2\u00b0 Aquila Fiorella; 3\u00b0 Weimann Camila<br \/>\nCategor\u00eda 3ra B Juvenil<br \/>\n1\u00b0 Zarate Macarena<br \/>\nCategor\u00eda 4ta C 9 y 10 a\u00f1os:<br \/>\n2\u00b0 Cataldi Juana<br \/>\nCategor\u00eda 4ta C 11 y 12 a\u00f1os:<br \/>\n2\u00b0 Espil Luisana<br \/>\nCategor\u00eda 3ra C 10 y 11 a\u00f1os:<br \/>\n1\u00b0 Melffi Agustina<br \/>\nCategor\u00eda 3ra C 12 y 13 a\u00f1os:<br \/>\n3\u00b0 Albertelli Ambar; 5\u00b0 Gerbaix Azul; Menci\u00f3n Demarco Agostina<br \/>\nCategor\u00eda 3ra C 14 y 15 a\u00f1os:<br \/>\n1\u00b0 Trumpio Agustina; 4\u00b0 Cata\u00f1ares Luc\u00eda<br \/>\nCategor\u00eda 2da C 14 y 15 a\u00f1os:<br \/>\n1\u00b0 Rodr\u00edguez Jazm\u00edn<br \/>\nLIBRE<br \/>\nCategor\u00eda 5ta C 11 y 12 a\u00f1os:<br \/>\n2\u00b0 Mourla Natali<br \/>\nCategor\u00eda Infantil y Cadete Promocional B<br \/>\n1\u00b0 Leira Morena; 2\u00b0 Barberi Camila; 3\u00b0 Aquila Giuliana; 5\u00b0 Stular Sol<br \/>\nCategor\u00eda Promocional B Juvenil<br \/>\n1\u00b0Maldonado luna.<br \/>\nCategor\u00eda Promocional B Junior<br \/>\n1\u00b0 Albertelli Micaela<br \/>\nCategor\u00eda 3ra B Juvenil<br \/>\n1\u00b0 Zarate Macarena; 2\u00b0 Vapore Micaela<br \/>\nCategor\u00eda 3ra B Junior<br \/>\n2\u00b0 Aquila Fiorella; 3\u00b0 Weimann Camila<br \/>\nCategor\u00eda 4ta C 9 y 10 a\u00f1os:<br \/>\n1\u00b0 Cataldi Juana<br \/>\nCategor\u00eda 4ta C 11 y 12 a\u00f1os:<br \/>\n3\u00b0 Espil Luisana<br \/>\nCategor\u00eda 3ra C 10 y 11 a\u00f1os:<br \/>\n2\u00b0 Melffi Agustina<br \/>\nCategor\u00eda 3ra C 12 y 13 a\u00f1os:<br \/>\n2\u00b0 Mata Luc\u00eda; Menci\u00f3nes Albertelli Ambar, Demarco Agostina, Mazzey Martina y Coria Paulina<br \/>\nCategor\u00eda 3ra C 14 y 15 a\u00f1os:<br \/>\n3\u00b0 Trumpio Agustina; 5\u00b0 Casta\u00f1ares Luc\u00eda<br \/>\nCategor\u00eda 2da C 14 y 15 a\u00f1os:<br \/>\n1\u00b0 Rodr\u00edguez Jazm\u00edn; 2\u00b0 Darrigrand Catalina.<\/p>\n<p>&nbsp;<\/p>\n<p>[soliloquy slug=&#8221;patin&#8221;]<\/p>\n<p>&nbsp;<\/p>\n<p>Por el lado de las patinadoras \u201cXeneizes\u201d que estuvieron acompa\u00f1adas por la t\u00e9cnica Marcela Romera y el t\u00e9cnico Mauricio Gogorza, los resultados fueron:<\/p>\n<p>Disciplina libre:<br \/>\nPromocional B Cadete: 4\u00b0 Giacomaso Felicitas, menci\u00f3n para Clementi Catalina y Sosa Juana<br \/>\n3 B Cadete: 2\u00b0 Zarabozo Bricka Martina<br \/>\n3 B Junior: 1\u00b0 Estefan\u00eda Gojan<br \/>\n2 B Junior: 1\u00b0 Gottfrit Ingrid, 2\u00b0 Gallo Morena<br \/>\nS\u00e9nior Elite: 1\u00b0 Kremer Luz<br \/>\nDisciplina figuras obligatorias:<br \/>\n3 C 12 y 13 a\u00f1os: 1\u00b0 puesto Ford Luz<br \/>\nPromocional B Cadete: 1\u00b0 Clementi Catalina, 2\u00b0 Giacomaso Felicitas<br \/>\n2 B Junior: 4\u00b0 Gojan Estefan\u00eda<br \/>\n1 B Cadete: 1\u00b0 Zarabozo Bricka Martina<br \/>\nA Nacional Junior: 1\u00b0 Gallo Morena<br \/>\nJunior Internacional: 1\u00b0 Gottfrit Ingrid<br \/>\nS\u00e9nior Internacional: 1\u00b0 Quereilhac Juana<br \/>\nDisciplina Danza:<br \/>\nDanzas Obligatorias Infantil B\u00e1sico: 1\u00b0 Ford Luz<br \/>\nDanzas Obligatorias Cadete B\u00e1sico: 1\u00b0 Zarabozo Bricka Martina y 2\u00b0 Clementi Catalina. Free Dance 1\u00b0 Zarabozo Bricka Martina<br \/>\nDanzas Obligatorias y Free Dance Junior B\u00e1sico: 1\u00b0 Gojan Estefan\u00eda<br \/>\nS\u00e9nior B: 1\u00b0 Kremer Luz<\/p>\n<p>Por \u00faltimo, Loma Negra tambi\u00e9n se present\u00f3 y los resultados fueron:<\/p>\n<p>Disciplina Libre: Ulises Santarsiero, primer puesto; Lara Bruscantini, tercer puesto; Delfina Pineda, primer puesto; Morena Aller, tercer puesto.<br \/>\nFiguras Obligatorias: Agustina Villalba, segundo puesto; Delfina Pineda, segundo puesto; Morena Aller, s\u00e9ptimo puesto; Valentina Diuono, sexto puesto.<\/p>\n<p>Finalizada la competencia que signific\u00f3 el regreso de la competencia, las representantes olavarrienses se presentar\u00e1n en el Provincial de pat\u00edn que se llevar\u00e1 a cabo en el Macrogimnasio del Parque Guerrero.<\/p>\n","protected":false},"excerpt":{"rendered":"<p>Desde el viernes y hasta el domingo, en el Macrogimnasio del Parque Guerrero, tuvo lugar el regreso del pat\u00edn art\u00edstico<\/p>\n","protected":false},"author":96739694,"featured_media":143789,"comment_status":"closed","ping_status":"closed","sticky":false,"template":"","format":"standard","meta":{"_jetpack_memberships_contains_paid_content":false,"footnotes":""},"categories":[30,1],"tags":[],"class_list":["post-141729","post","type-post","status-publish","format-standard","has-post-thumbnail","hentry","category-polideportivo","category-portada"],"jetpack_featured_media_url":"https:\/\/i0.wp.com\/cdnoticias.com\/wp-content\/uploads\/2021\/09\/patin-4.png?fit=1280%2C853&ssl=1","jetpack_sharing_enabled":true,"_links":{"self":[{"href":"https:\/\/cdnoticias.com\/index.php\/wp-json\/wp\/v2\/posts\/141729","targetHints":{"allow":["GET"]}}],"collection":[{"href":"https:\/\/cdnoticias.com\/index.php\/wp-json\/wp\/v2\/posts"}],"about":[{"href":"https:\/\/cdnoticias.com\/index.php\/wp-json\/wp\/v2\/types\/post"}],"author":[{"embeddable":true,"href":"https:\/\/cdnoticias.com\/index.php\/wp-json\/wp\/v2\/users\/96739694"}],"replies":[{"embeddable":true,"href":"https:\/\/cdnoticias.com\/index.php\/wp-json\/wp\/v2\/comments?post=141729"}],"version-history":[{"count":0,"href":"https:\/\/cdnoticias.com\/index.php\/wp-json\/wp\/v2\/posts\/141729\/revisions"}],"wp:featuredmedia":[{"embeddable":true,"href":"https:\/\/cdnoticias.com\/index.php\/wp-json\/wp\/v2\/media\/143789"}],"wp:attachment":[{"href":"https:\/\/cdnoticias.com\/index.php\/wp-json\/wp\/v2\/media?parent=141729"}],"wp:term":[{"taxonomy":"category","embeddable":true,"href":"https:\/\/cdnoticias.com\/index.php\/wp-json\/wp\/v2\/categories?post=141729"},{"taxonomy":"post_tag","embeddable":true,"href":"https:\/\/cdnoticias.com\/index.php\/wp-json\/wp\/v2\/tags?post=141729"}],"curies":[{"name":"wp","href":"https:\/\/api.w.org\/{rel}","templated":true}]}}