{"id":141728,"date":"2021-09-23T15:55:52","date_gmt":"2021-09-23T18:55:52","guid":{"rendered":"http:\/\/centraldeportes.com.ar\/?p=5362"},"modified":"2025-02-01T17:37:39","modified_gmt":"2025-02-01T20:37:39","slug":"lucas-diaz-aspiroz-tuvo-su-distincion-en-el-concejo-deliberante","status":"publish","type":"post","link":"https:\/\/cdnoticias.com\/index.php\/2021\/09\/23\/lucas-diaz-aspiroz-tuvo-su-distincion-en-el-concejo-deliberante\/","title":{"rendered":"Lucas D\u00edaz Aspiroz tuvo su distinci\u00f3n en el Concejo Deliberante"},"content":{"rendered":"<p>Este jueves, el palista olavarriense recibi\u00f3 el premio &#8220;Honor al M\u00e9rito Ciudadano&#8221; en reconocimiento a su trayectoria y sus destacadas actuaciones en los Juegos Paral\u00edmpicos de Tokio 2020 y el Mundial de Paracanotaje de Copenhague.<!--more--><\/p>\n<hr \/>\n<p>Lucas D\u00edaz Aspiroz recibi\u00f3 en la duod\u00e9cima y d\u00e9cimatercera sesi\u00f3n ordinaria del Honorable Concejo Deliberante, la misma distinci\u00f3n que recibieron Pedro De la Vega, Agust\u00edn Vernice y Jos\u00e9 \u201cMosquito\u201d Montesano.<\/p>\n<p>&nbsp;<\/p>\n<p>El cuerpo legislativo destac\u00f3 su trayectoria, su destacada participaci\u00f3n en los Juegos Paral\u00edmpicos de Tokio 2020 y en el Mundial de Paracanotaje de Copenhague y fue tras una propuesta del Bloque Juntos.<\/p>\n<p>&nbsp;<\/p>\n<p>Guillermina Amespil sostuvo: &#8220;<em>Nos parece una oportunidad en la cual se debe destacar a un olavarriense que llega lejos y que lleva lejos el nombre de Olavarr\u00eda y lo lleva con mucho orgullo y trabajo<\/em>&#8220;.<\/p>\n<p>&nbsp;<\/p>\n<p>Es para destacar que el olavarriense finaliz\u00f3 segundo en la Final B de los <a href=\"http:\/\/centraldeportes.com.ar\/fin-de-la-participacion-de-diaz-aspiroz-en-tokio\/\">Juegos Paral\u00edmpicos de Tokio<\/a> y d\u00edas atr\u00e1s fue 8\u00b0 en la <a href=\"http:\/\/centraldeportes.com.ar\/mundial-de-paracanotaje-octavo-lugar-para-el-representante-olavarriense\/\">final del Mundial<\/a> disputado en Copenhague, Dinamarca.<\/p>\n","protected":false},"excerpt":{"rendered":"<p>Este jueves, el palista olavarriense recibi\u00f3 el premio &#8220;Honor al M\u00e9rito Ciudadano&#8221; en reconocimiento a su trayectoria y sus destacadas<\/p>\n","protected":false},"author":96739694,"featured_media":143602,"comment_status":"closed","ping_status":"closed","sticky":false,"template":"","format":"standard","meta":{"_jetpack_memberships_contains_paid_content":false,"footnotes":""},"categories":[30,1],"tags":[],"class_list":["post-141728","post","type-post","status-publish","format-standard","has-post-thumbnail","hentry","category-polideportivo","category-portada"],"jetpack_featured_media_url":"https:\/\/i0.wp.com\/cdnoticias.com\/wp-content\/uploads\/2021\/09\/241430103_3050783465164435_7320370237187871907_n.jpg?fit=1080%2C678&ssl=1","jetpack_sharing_enabled":true,"_links":{"self":[{"href":"https:\/\/cdnoticias.com\/index.php\/wp-json\/wp\/v2\/posts\/141728","targetHints":{"allow":["GET"]}}],"collection":[{"href":"https:\/\/cdnoticias.com\/index.php\/wp-json\/wp\/v2\/posts"}],"about":[{"href":"https:\/\/cdnoticias.com\/index.php\/wp-json\/wp\/v2\/types\/post"}],"author":[{"embeddable":true,"href":"https:\/\/cdnoticias.com\/index.php\/wp-json\/wp\/v2\/users\/96739694"}],"replies":[{"embeddable":true,"href":"https:\/\/cdnoticias.com\/index.php\/wp-json\/wp\/v2\/comments?post=141728"}],"version-history":[{"count":0,"href":"https:\/\/cdnoticias.com\/index.php\/wp-json\/wp\/v2\/posts\/141728\/revisions"}],"wp:featuredmedia":[{"embeddable":true,"href":"https:\/\/cdnoticias.com\/index.php\/wp-json\/wp\/v2\/media\/143602"}],"wp:attachment":[{"href":"https:\/\/cdnoticias.com\/index.php\/wp-json\/wp\/v2\/media?parent=141728"}],"wp:term":[{"taxonomy":"category","embeddable":true,"href":"https:\/\/cdnoticias.com\/index.php\/wp-json\/wp\/v2\/categories?post=141728"},{"taxonomy":"post_tag","embeddable":true,"href":"https:\/\/cdnoticias.com\/index.php\/wp-json\/wp\/v2\/tags?post=141728"}],"curies":[{"name":"wp","href":"https:\/\/api.w.org\/{rel}","templated":true}]}}