{"id":141716,"date":"2021-09-22T00:04:54","date_gmt":"2021-09-22T03:04:54","guid":{"rendered":"http:\/\/centraldeportes.com.ar\/?p=5267"},"modified":"2025-01-29T00:14:15","modified_gmt":"2025-01-29T03:14:15","slug":"prosiguio-el-torneo-oficial-con-victoria-para-el-fortin","status":"publish","type":"post","link":"https:\/\/cdnoticias.com\/index.php\/2021\/09\/22\/prosiguio-el-torneo-oficial-con-victoria-para-el-fortin\/","title":{"rendered":"Prosigui\u00f3 el Torneo Oficial con victoria para El Fort\u00edn"},"content":{"rendered":"<p>El Fort\u00edn logr\u00f3 la primera victoria del Torneo Oficial organizado por la Asociaci\u00f3n de B\u00e1squet de Olavarr\u00eda al derrotar a Pueblo Nuevo Verde por 62 a 44.<!--more--><\/p>\n<hr \/>\n<p>El \u201cFortinero\u201d con un gran segundo tiempo que le permitieron reaccionar a un mal arranque logr\u00f3 su primer triunfo en la competencia dom\u00e9stica.<\/p>\n<p>&nbsp;<\/p>\n<p>[soliloquy slug=&#8221;el-fortin-pueblo-nuevo-verde&#8221;]<\/p>\n<p>&nbsp;<\/p>\n<p>Tom\u00e1s Baffo durante todo el encuentro y una gran marca de 32 unidades estuvo bien acompa\u00f1ado en los primeros veinte minutos por Pablo Negretti y Franco Wagner y en el tercer periodo, el goleador marc\u00f3 casi la totalidad de los 19 (7 fueron de Jano Sequeira).<\/p>\n<p>&nbsp;<\/p>\n<p>El \u00faltimo cuarto Pueblo Nuevo esboz\u00f3 una reacci\u00f3n, pero los dirigidos por Diego Lancione supieron sostener la diferencia de una docena de puntos que logr\u00f3 tras el descanso largo.<\/p>\n<p>&nbsp;<\/p>\n<p>S\u00edntesis El Fort\u00edn \u2013 Pueblo Nuevo Verde:<br \/>\nEstadio: Amadeo Bellingeri<br \/>\n\u00c1rbitros: Maiola, R. y Verbag, D.<br \/>\n<strong>El Fort\u00edn (62): Negretti (9), Mesa (0), Baffo (32), Olondo (2), Funes, A. (0) -FI- Naselli (2), Wagner (10), Llantada (0), Sequeira (7), Garces (0), Funes, I. (0). DT- Diego Lancione<\/strong><br \/>\n<strong>Pueblo Nuevo Verde (44): Striebeck (3), Lerchundi (0), Paladini (7), Pinini (5), De Zorzi (13) -FI- Maataini (2), G\u00f3mez (10), Garc\u00eda (0), Videla (0), Rocha (4), Farinella (0), Rajal (0). DT- Agust\u00edn Bianchi<\/strong><br \/>\nParciales: 12 \u2013 14; 24 \u2013 22; 43 \u2013 29 y 62 \u2013 44.<\/p>\n","protected":false},"excerpt":{"rendered":"<p>El Fort\u00edn logr\u00f3 la primera victoria del Torneo Oficial organizado por la Asociaci\u00f3n de B\u00e1squet de Olavarr\u00eda al derrotar a<\/p>\n","protected":false},"author":96739694,"featured_media":143723,"comment_status":"closed","ping_status":"closed","sticky":false,"template":"","format":"standard","meta":{"_jetpack_memberships_contains_paid_content":false,"footnotes":""},"categories":[31,1,43],"tags":[],"class_list":["post-141716","post","type-post","status-publish","format-standard","has-post-thumbnail","hentry","category-basquet","category-portada","category-primera"],"jetpack_featured_media_url":"https:\/\/i0.wp.com\/cdnoticias.com\/wp-content\/uploads\/2021\/09\/elfortin-pnverde-1.png?fit=1280%2C853&ssl=1","jetpack_sharing_enabled":true,"_links":{"self":[{"href":"https:\/\/cdnoticias.com\/index.php\/wp-json\/wp\/v2\/posts\/141716","targetHints":{"allow":["GET"]}}],"collection":[{"href":"https:\/\/cdnoticias.com\/index.php\/wp-json\/wp\/v2\/posts"}],"about":[{"href":"https:\/\/cdnoticias.com\/index.php\/wp-json\/wp\/v2\/types\/post"}],"author":[{"embeddable":true,"href":"https:\/\/cdnoticias.com\/index.php\/wp-json\/wp\/v2\/users\/96739694"}],"replies":[{"embeddable":true,"href":"https:\/\/cdnoticias.com\/index.php\/wp-json\/wp\/v2\/comments?post=141716"}],"version-history":[{"count":0,"href":"https:\/\/cdnoticias.com\/index.php\/wp-json\/wp\/v2\/posts\/141716\/revisions"}],"wp:featuredmedia":[{"embeddable":true,"href":"https:\/\/cdnoticias.com\/index.php\/wp-json\/wp\/v2\/media\/143723"}],"wp:attachment":[{"href":"https:\/\/cdnoticias.com\/index.php\/wp-json\/wp\/v2\/media?parent=141716"}],"wp:term":[{"taxonomy":"category","embeddable":true,"href":"https:\/\/cdnoticias.com\/index.php\/wp-json\/wp\/v2\/categories?post=141716"},{"taxonomy":"post_tag","embeddable":true,"href":"https:\/\/cdnoticias.com\/index.php\/wp-json\/wp\/v2\/tags?post=141716"}],"curies":[{"name":"wp","href":"https:\/\/api.w.org\/{rel}","templated":true}]}}