{"id":141715,"date":"2021-09-21T21:57:11","date_gmt":"2021-09-22T00:57:11","guid":{"rendered":"http:\/\/centraldeportes.com.ar\/?p=5261"},"modified":"2025-01-29T00:14:25","modified_gmt":"2025-01-29T03:14:25","slug":"el-torneo-apertura-del-futbol-menor-esta-al-dia","status":"publish","type":"post","link":"https:\/\/cdnoticias.com\/index.php\/2021\/09\/21\/el-torneo-apertura-del-futbol-menor-esta-al-dia\/","title":{"rendered":"El Torneo Apertura del f\u00fatbol menor est\u00e1 al d\u00eda"},"content":{"rendered":"<p>En las canchas de Ferro y San Mart\u00edn se jugaron dos partidos pendientes del Torneo Apertura de inferiores organizado por la Liga de F\u00fatbol de Olavarr\u00eda.<!--more--><\/p>\n<hr \/>\n<p>Este martes hubo triunfos de San Mart\u00edn y Racing en los cotejos pendientes del segundo torneo del a\u00f1o para las categor\u00edas formativas.<\/p>\n<p>&nbsp;<\/p>\n<div class=\"tiled-gallery type-rectangular tiled-gallery-unresized\" data-original-width=\"800\" data-carousel-extra='null' itemscope itemtype=\"http:\/\/schema.org\/ImageGallery\" > <div class=\"gallery-row\" style=\"width: 800px; height: 458px;\" data-original-width=\"800\" data-original-height=\"458\" > <div class=\"gallery-group images-1\" style=\"width: 800px; height: 458px;\" data-original-width=\"800\" data-original-height=\"458\" > <div class=\"tiled-gallery-item tiled-gallery-item-large\" itemprop=\"associatedMedia\" itemscope itemtype=\"http:\/\/schema.org\/ImageObject\"> <a href=\"https:\/\/i0.wp.com\/cdnoticias.com\/wp-content\/uploads\/2020\/10\/WhatsApp-Image-2020-10-30-at-13.45.43-1.jpeg?ssl=1\" border=\"0\" itemprop=\"url\"> <meta itemprop=\"width\" content=\"796\"> <meta itemprop=\"height\" content=\"454\"> <img decoding=\"async\" class=\"\" data-attachment-id=\"5265\" data-orig-file=\"https:\/\/cdnoticias.com\/wp-content\/uploads\/2020\/10\/WhatsApp-Image-2020-10-30-at-13.45.43-1.jpeg\" data-orig-size=\"920,525\" data-comments-opened=\"\" data-image-meta=\"{&quot;aperture&quot;:&quot;0&quot;,&quot;credit&quot;:&quot;&quot;,&quot;camera&quot;:&quot;&quot;,&quot;caption&quot;:&quot;&quot;,&quot;created_timestamp&quot;:&quot;0&quot;,&quot;copyright&quot;:&quot;&quot;,&quot;focal_length&quot;:&quot;0&quot;,&quot;iso&quot;:&quot;0&quot;,&quot;shutter_speed&quot;:&quot;0&quot;,&quot;title&quot;:&quot;&quot;,&quot;orientation&quot;:&quot;0&quot;}\" data-image-title=\"WhatsApp Image 2020-10-30 at 13.45.43 (1)\" data-image-description=\"\" data-medium-file=\"https:\/\/i0.wp.com\/cdnoticias.com\/wp-content\/uploads\/2020\/10\/WhatsApp-Image-2020-10-30-at-13.45.43-1.jpeg?fit=300%2C171&#038;ssl=1\" data-large-file=\"https:\/\/i0.wp.com\/cdnoticias.com\/wp-content\/uploads\/2020\/10\/WhatsApp-Image-2020-10-30-at-13.45.43-1.jpeg?fit=800%2C457&#038;ssl=1\" src=\"https:\/\/i0.wp.com\/cdnoticias.com\/wp-content\/uploads\/2020\/10\/WhatsApp-Image-2020-10-30-at-13.45.43-1.jpeg?w=796&#038;h=454&#038;ssl=1\" srcset=\"https:\/\/i0.wp.com\/cdnoticias.com\/wp-content\/uploads\/2020\/10\/WhatsApp-Image-2020-10-30-at-13.45.43-1.jpeg?w=920&amp;ssl=1 920w, https:\/\/i0.wp.com\/cdnoticias.com\/wp-content\/uploads\/2020\/10\/WhatsApp-Image-2020-10-30-at-13.45.43-1.jpeg?resize=300%2C171&amp;ssl=1 300w, https:\/\/i0.wp.com\/cdnoticias.com\/wp-content\/uploads\/2020\/10\/WhatsApp-Image-2020-10-30-at-13.45.43-1.jpeg?resize=768%2C438&amp;ssl=1 768w\" width=\"796\" height=\"454\" loading=\"lazy\" data-original-width=\"796\" data-original-height=\"454\" itemprop=\"http:\/\/schema.org\/image\" title=\"WhatsApp Image 2020-10-30 at 13.45.43 (1)\" alt=\"WhatsApp Image 2020-10-30 at 13.45.43 (1)\" style=\"width: 796px; height: 454px;\" \/> <\/a> <\/div> <\/div> <!-- close group --> <\/div> <!-- close row --> <\/div>\n<p>&nbsp;<\/p>\n<p>San Mart\u00edn logr\u00f3 el triunfo en D\u00e9cima Divisi\u00f3n al derrotar por 2 a 0 a Ferro, pero no pudo repetir la victoria en Quinta donde cay\u00f3 2 a 1 ante Racing, partido que se jug\u00f3 en el Pozo Serrano.<\/p>\n","protected":false},"excerpt":{"rendered":"<p>En las canchas de Ferro y San Mart\u00edn se jugaron dos partidos pendientes del Torneo Apertura de inferiores organizado por<\/p>\n","protected":false},"author":96739694,"featured_media":0,"comment_status":"closed","ping_status":"closed","sticky":false,"template":"","format":"standard","meta":{"_jetpack_memberships_contains_paid_content":false,"footnotes":""},"categories":[35,40,1],"tags":[],"class_list":["post-141715","post","type-post","status-publish","format-standard","hentry","category-futbol","category-inferiores","category-portada"],"jetpack_featured_media_url":"","jetpack_sharing_enabled":true,"_links":{"self":[{"href":"https:\/\/cdnoticias.com\/index.php\/wp-json\/wp\/v2\/posts\/141715","targetHints":{"allow":["GET"]}}],"collection":[{"href":"https:\/\/cdnoticias.com\/index.php\/wp-json\/wp\/v2\/posts"}],"about":[{"href":"https:\/\/cdnoticias.com\/index.php\/wp-json\/wp\/v2\/types\/post"}],"author":[{"embeddable":true,"href":"https:\/\/cdnoticias.com\/index.php\/wp-json\/wp\/v2\/users\/96739694"}],"replies":[{"embeddable":true,"href":"https:\/\/cdnoticias.com\/index.php\/wp-json\/wp\/v2\/comments?post=141715"}],"version-history":[{"count":0,"href":"https:\/\/cdnoticias.com\/index.php\/wp-json\/wp\/v2\/posts\/141715\/revisions"}],"wp:attachment":[{"href":"https:\/\/cdnoticias.com\/index.php\/wp-json\/wp\/v2\/media?parent=141715"}],"wp:term":[{"taxonomy":"category","embeddable":true,"href":"https:\/\/cdnoticias.com\/index.php\/wp-json\/wp\/v2\/categories?post=141715"},{"taxonomy":"post_tag","embeddable":true,"href":"https:\/\/cdnoticias.com\/index.php\/wp-json\/wp\/v2\/tags?post=141715"}],"curies":[{"name":"wp","href":"https:\/\/api.w.org\/{rel}","templated":true}]}}