{"id":141714,"date":"2021-09-21T21:20:32","date_gmt":"2021-09-22T00:20:32","guid":{"rendered":"http:\/\/centraldeportes.com.ar\/?p=5259"},"modified":"2025-01-29T00:14:26","modified_gmt":"2025-01-29T03:14:26","slug":"estudiantes-presento-al-dt-mi-expectativa-es-muy-grande-porque-vine-a-un-club-inmenso","status":"publish","type":"post","link":"https:\/\/cdnoticias.com\/index.php\/2021\/09\/21\/estudiantes-presento-al-dt-mi-expectativa-es-muy-grande-porque-vine-a-un-club-inmenso\/","title":{"rendered":"Estudiantes present\u00f3 al DT: \u201cMi expectativa es muy grande\u201d"},"content":{"rendered":"<p>Cristian Colli fue presentado este martes en el buffet del Parque Guerrero por la Comisi\u00f3n Directiva del Club Estudiantes. \u201c<em>Es un orgullo para m\u00ed venir<\/em>\u201d, dijo el flamante entrenador tras la presentaci\u00f3n a cargo del presidente Emilio Incaurgarat.<!--more--><\/p>\n<hr \/>\n<p>Encabezado por el presidente de la entidad Emilio Incaurgarat y la presencia de los dirigentes Esteban \u00c1lvarez, Julio Galardo y Carlos Emiliozzi, se realiz\u00f3 la conferencia de presentaci\u00f3n del entrenador cordob\u00e9s que se hizo cargo el pasado lunes del plantel profesional y del proyecto que buscar\u00e1 fomentar el desarrollo de la disciplina en la entidad.<\/p>\n<p>&nbsp;<\/p>\n<p>\u201c<strong><em>Vamos a darles buenas noticias. Despu\u00e9s de largas semanas de conversar y de pensar que era lo mejor para el club y para el futuro, decidimos jugar La Liga Argentina y que la Comisi\u00f3n Directiva estar\u00e1 para apoyarlos<\/em><\/strong>\u201d, dijo Emilio Incaurgarat antes de darle la bienvenida a Cristian Colli.<\/p>\n<p>&nbsp;<\/p>\n<div class=\"tiled-gallery type-rectangular tiled-gallery-unresized\" data-original-width=\"800\" data-carousel-extra='null' itemscope itemtype=\"http:\/\/schema.org\/ImageGallery\" > <div class=\"gallery-row\" style=\"width: 800px; height: 254px;\" data-original-width=\"800\" data-original-height=\"254\" > <div class=\"gallery-group images-1\" style=\"width: 413px; height: 254px;\" data-original-width=\"413\" data-original-height=\"254\" > <div class=\"tiled-gallery-item tiled-gallery-item-large\" itemprop=\"associatedMedia\" itemscope itemtype=\"http:\/\/schema.org\/ImageObject\"> <a href=\"https:\/\/i0.wp.com\/cdnoticias.com\/wp-content\/uploads\/2020\/10\/laprida.jpg?ssl=1\" border=\"0\" itemprop=\"url\"> <meta itemprop=\"width\" content=\"409\"> <meta itemprop=\"height\" content=\"250\"> <img decoding=\"async\" class=\"\" data-attachment-id=\"5255\" data-orig-file=\"https:\/\/cdnoticias.com\/wp-content\/uploads\/2020\/10\/laprida.jpg\" data-orig-size=\"694,424\" data-comments-opened=\"\" data-image-meta=\"{&quot;aperture&quot;:&quot;0&quot;,&quot;credit&quot;:&quot;&quot;,&quot;camera&quot;:&quot;&quot;,&quot;caption&quot;:&quot;&quot;,&quot;created_timestamp&quot;:&quot;0&quot;,&quot;copyright&quot;:&quot;&quot;,&quot;focal_length&quot;:&quot;0&quot;,&quot;iso&quot;:&quot;0&quot;,&quot;shutter_speed&quot;:&quot;0&quot;,&quot;title&quot;:&quot;&quot;,&quot;orientation&quot;:&quot;0&quot;}\" data-image-title=\"laprida\" data-image-description=\"\" data-medium-file=\"https:\/\/i0.wp.com\/cdnoticias.com\/wp-content\/uploads\/2020\/10\/laprida.jpg?fit=300%2C183&#038;ssl=1\" data-large-file=\"https:\/\/i0.wp.com\/cdnoticias.com\/wp-content\/uploads\/2020\/10\/laprida.jpg?fit=694%2C424&#038;ssl=1\" src=\"https:\/\/i0.wp.com\/cdnoticias.com\/wp-content\/uploads\/2020\/10\/laprida.jpg?w=409&#038;h=250&#038;ssl=1\" srcset=\"https:\/\/i0.wp.com\/cdnoticias.com\/wp-content\/uploads\/2020\/10\/laprida.jpg?w=694&amp;ssl=1 694w, https:\/\/i0.wp.com\/cdnoticias.com\/wp-content\/uploads\/2020\/10\/laprida.jpg?resize=300%2C183&amp;ssl=1 300w\" width=\"409\" height=\"250\" loading=\"lazy\" data-original-width=\"409\" data-original-height=\"250\" itemprop=\"http:\/\/schema.org\/image\" title=\"laprida\" alt=\"laprida\" style=\"width: 409px; height: 250px;\" \/> <\/a> <\/div> <\/div> <!-- close group --> <div class=\"gallery-group images-1\" style=\"width: 387px; height: 254px;\" data-original-width=\"387\" data-original-height=\"254\" > <div class=\"tiled-gallery-item tiled-gallery-item-large\" itemprop=\"associatedMedia\" itemscope itemtype=\"http:\/\/schema.org\/ImageObject\"> <a href=\"https:\/\/i0.wp.com\/cdnoticias.com\/wp-content\/uploads\/2020\/10\/tandil-4.jpg?ssl=1\" border=\"0\" itemprop=\"url\"> <meta itemprop=\"width\" content=\"383\"> <meta itemprop=\"height\" content=\"250\"> <img decoding=\"async\" class=\"\" data-attachment-id=\"5253\" data-orig-file=\"https:\/\/cdnoticias.com\/wp-content\/uploads\/2020\/10\/tandil-4.jpg\" data-orig-size=\"793,518\" data-comments-opened=\"\" data-image-meta=\"{&quot;aperture&quot;:&quot;0&quot;,&quot;credit&quot;:&quot;&quot;,&quot;camera&quot;:&quot;&quot;,&quot;caption&quot;:&quot;&quot;,&quot;created_timestamp&quot;:&quot;0&quot;,&quot;copyright&quot;:&quot;&quot;,&quot;focal_length&quot;:&quot;0&quot;,&quot;iso&quot;:&quot;0&quot;,&quot;shutter_speed&quot;:&quot;0&quot;,&quot;title&quot;:&quot;&quot;,&quot;orientation&quot;:&quot;1&quot;}\" data-image-title=\"tandil\" data-image-description=\"\" data-medium-file=\"https:\/\/i0.wp.com\/cdnoticias.com\/wp-content\/uploads\/2020\/10\/tandil-4.jpg?fit=300%2C196&#038;ssl=1\" data-large-file=\"https:\/\/i0.wp.com\/cdnoticias.com\/wp-content\/uploads\/2020\/10\/tandil-4.jpg?fit=793%2C518&#038;ssl=1\" src=\"https:\/\/i0.wp.com\/cdnoticias.com\/wp-content\/uploads\/2020\/10\/tandil-4.jpg?w=383&#038;h=250&#038;ssl=1\" srcset=\"https:\/\/i0.wp.com\/cdnoticias.com\/wp-content\/uploads\/2020\/10\/tandil-4.jpg?w=793&amp;ssl=1 793w, https:\/\/i0.wp.com\/cdnoticias.com\/wp-content\/uploads\/2020\/10\/tandil-4.jpg?resize=300%2C196&amp;ssl=1 300w, https:\/\/i0.wp.com\/cdnoticias.com\/wp-content\/uploads\/2020\/10\/tandil-4.jpg?resize=768%2C502&amp;ssl=1 768w\" width=\"383\" height=\"250\" loading=\"lazy\" data-original-width=\"383\" data-original-height=\"250\" itemprop=\"http:\/\/schema.org\/image\" title=\"tandil\" alt=\"tandil\" style=\"width: 383px; height: 250px;\" \/> <\/a> <\/div> <\/div> <!-- close group --> <\/div> <!-- close row --> <div class=\"gallery-row\" style=\"width: 800px; height: 435px;\" data-original-width=\"800\" data-original-height=\"435\" > <div class=\"gallery-group images-1\" style=\"width: 800px; height: 435px;\" data-original-width=\"800\" data-original-height=\"435\" > <div class=\"tiled-gallery-item tiled-gallery-item-large\" itemprop=\"associatedMedia\" itemscope itemtype=\"http:\/\/schema.org\/ImageObject\"> <a href=\"https:\/\/i0.wp.com\/cdnoticias.com\/wp-content\/uploads\/2020\/10\/azul-3.jpg?ssl=1\" border=\"0\" itemprop=\"url\"> <meta itemprop=\"width\" content=\"796\"> <meta itemprop=\"height\" content=\"431\"> <img decoding=\"async\" class=\"\" data-attachment-id=\"5252\" data-orig-file=\"https:\/\/cdnoticias.com\/wp-content\/uploads\/2020\/10\/azul-3.jpg\" data-orig-size=\"917,496\" data-comments-opened=\"\" data-image-meta=\"{&quot;aperture&quot;:&quot;0&quot;,&quot;credit&quot;:&quot;&quot;,&quot;camera&quot;:&quot;&quot;,&quot;caption&quot;:&quot;&quot;,&quot;created_timestamp&quot;:&quot;0&quot;,&quot;copyright&quot;:&quot;&quot;,&quot;focal_length&quot;:&quot;0&quot;,&quot;iso&quot;:&quot;0&quot;,&quot;shutter_speed&quot;:&quot;0&quot;,&quot;title&quot;:&quot;&quot;,&quot;orientation&quot;:&quot;1&quot;}\" data-image-title=\"azul\" data-image-description=\"\" data-medium-file=\"https:\/\/i0.wp.com\/cdnoticias.com\/wp-content\/uploads\/2020\/10\/azul-3.jpg?fit=300%2C162&#038;ssl=1\" data-large-file=\"https:\/\/i0.wp.com\/cdnoticias.com\/wp-content\/uploads\/2020\/10\/azul-3.jpg?fit=800%2C433&#038;ssl=1\" src=\"https:\/\/i0.wp.com\/cdnoticias.com\/wp-content\/uploads\/2020\/10\/azul-3.jpg?w=796&#038;h=431&#038;ssl=1\" srcset=\"https:\/\/i0.wp.com\/cdnoticias.com\/wp-content\/uploads\/2020\/10\/azul-3.jpg?w=917&amp;ssl=1 917w, https:\/\/i0.wp.com\/cdnoticias.com\/wp-content\/uploads\/2020\/10\/azul-3.jpg?resize=300%2C162&amp;ssl=1 300w, https:\/\/i0.wp.com\/cdnoticias.com\/wp-content\/uploads\/2020\/10\/azul-3.jpg?resize=768%2C415&amp;ssl=1 768w\" width=\"796\" height=\"431\" loading=\"lazy\" data-original-width=\"796\" data-original-height=\"431\" itemprop=\"http:\/\/schema.org\/image\" title=\"azul\" alt=\"azul\" style=\"width: 796px; height: 431px;\" \/> <\/a> <\/div> <\/div> <!-- close group --> <\/div> <!-- close row --> <\/div>\n<p>&nbsp;<\/p>\n<p>El entrenador cordob\u00e9s agradeci\u00f3 la posibilidad de \u201c<strong><em>venir a un club inmenso por lo que la expectativa es muy grande<\/em><\/strong>\u201d y destac\u00f3 que \u201c<strong><em>desde que llegu\u00e9 me han hecho sentir muy bien<\/em><\/strong>\u201d, pero el trabajo comenz\u00f3 en el armado del plantel y sobre eso se explay\u00f3: \u201c<strong><em>Llegamos un poco tarde al mercado, pero en una semana armamos el equipo y estamos muy conformes<\/em><\/strong>\u201d.<\/p>\n<p>&nbsp;<\/p>\n<p>Cristian Colli lleva dos entrenamientos con el plantel profesional, observ\u00f3 a los juveniles y anunci\u00f3 \u201c<em>que en los pr\u00f3ximos d\u00edas se sumar\u00e1n a los entrenamientos<\/em>\u201d, pero tambi\u00e9n dijo que \u201c<strong><em>estas dos semanas nos enfocaremos en trabajar para llegar lo mejor posible como equipo<\/em><\/strong>\u201d.<\/p>\n<p>&nbsp;<\/p>\n<p>Luego fue turno de hacer hincapi\u00e9 en el proyecto que incluye desde el b\u00e1squet formativo hasta los jugadores profesionales e Incaurgarat opin\u00f3: \u201c<strong><em>Pensamos en un plan de trabajo a largo plazo, para armar realmente el equipo de la Ciudad, con jugadores de nuestras formativas y los olavarrienses que juegan profesionalmente, sabemos que con esa bandera nos van a acompa\u00f1ar<\/em><\/strong>\u201d.<\/p>\n<p>&nbsp;<\/p>\n<p><img data-recalc-dims=\"1\" loading=\"lazy\" decoding=\"async\" class=\"aligncenter size-full wp-image-5256\" src=\"https:\/\/i0.wp.com\/centraldeportes.com.ar\/wp-content\/uploads\/2021\/09\/conferenciacae-5.png?resize=800%2C533\" alt=\"\" width=\"800\" height=\"533\" \/><\/p>\n<p>&nbsp;<\/p>\n<p>\u201c<strong><em>La idea es trabajar \u00edntegramente en todas las categor\u00edas, para que el b\u00e1squet \u00a0de las inferiores tambi\u00e9n tengan su equipo m\u00e9dico, kinesi\u00f3logo\u00a0 y que no sea solamente el periodo que est\u00e1 compitiendo La Liga<\/em><\/strong>\u201d, agreg\u00f3 uno de los dirigentes y en sinton\u00eda, Colli sostuvo: \u201c<strong><em>No todos van a ser basquetbolistas, pero con estas ideas se genera pertenencia y luego esos chicos ser\u00e1n los m\u00e9dicos, sponsors y dirigentes de ma\u00f1ana<\/em><\/strong>\u201d.<\/p>\n","protected":false},"excerpt":{"rendered":"<p>Cristian Colli fue presentado este martes en el buffet del Parque Guerrero por la Comisi\u00f3n Directiva del Club Estudiantes. \u201cEs<\/p>\n","protected":false},"author":96739694,"featured_media":0,"comment_status":"closed","ping_status":"closed","sticky":false,"template":"","format":"standard","meta":{"_jetpack_memberships_contains_paid_content":false,"footnotes":""},"categories":[31,32,1],"tags":[],"class_list":["post-141714","post","type-post","status-publish","format-standard","hentry","category-basquet","category-liga-argentina","category-portada"],"jetpack_featured_media_url":"","jetpack_sharing_enabled":true,"_links":{"self":[{"href":"https:\/\/cdnoticias.com\/index.php\/wp-json\/wp\/v2\/posts\/141714","targetHints":{"allow":["GET"]}}],"collection":[{"href":"https:\/\/cdnoticias.com\/index.php\/wp-json\/wp\/v2\/posts"}],"about":[{"href":"https:\/\/cdnoticias.com\/index.php\/wp-json\/wp\/v2\/types\/post"}],"author":[{"embeddable":true,"href":"https:\/\/cdnoticias.com\/index.php\/wp-json\/wp\/v2\/users\/96739694"}],"replies":[{"embeddable":true,"href":"https:\/\/cdnoticias.com\/index.php\/wp-json\/wp\/v2\/comments?post=141714"}],"version-history":[{"count":0,"href":"https:\/\/cdnoticias.com\/index.php\/wp-json\/wp\/v2\/posts\/141714\/revisions"}],"wp:attachment":[{"href":"https:\/\/cdnoticias.com\/index.php\/wp-json\/wp\/v2\/media?parent=141714"}],"wp:term":[{"taxonomy":"category","embeddable":true,"href":"https:\/\/cdnoticias.com\/index.php\/wp-json\/wp\/v2\/categories?post=141714"},{"taxonomy":"post_tag","embeddable":true,"href":"https:\/\/cdnoticias.com\/index.php\/wp-json\/wp\/v2\/tags?post=141714"}],"curies":[{"name":"wp","href":"https:\/\/api.w.org\/{rel}","templated":true}]}}