{"id":141704,"date":"2021-09-20T17:58:58","date_gmt":"2021-09-20T20:58:58","guid":{"rendered":"http:\/\/centraldeportes.com.ar\/?p=5192"},"modified":"2025-01-29T00:15:19","modified_gmt":"2025-01-29T03:15:19","slug":"pedro-de-la-vega-tuvo-el-empate-no-pudo-y-lanus-perdio","status":"publish","type":"post","link":"https:\/\/cdnoticias.com\/index.php\/2021\/09\/20\/pedro-de-la-vega-tuvo-el-empate-no-pudo-y-lanus-perdio\/","title":{"rendered":"Pedro De la Vega tuvo el empate, no pudo y Lan\u00fas perdi\u00f3"},"content":{"rendered":"<p>En el cierre de la 12\u00b0 fecha del \u201cTorneo de los Socios\u201d, Lan\u00fas perdi\u00f3 2 a 1 ante Newell\u00b4s y dej\u00f3 de ser l\u00edder del torneo. Pedro De la Vega tuvo la chance de empatar las acciones, pero el arquero rival se qued\u00f3 con su remate.<!--more--><\/p>\n<hr \/>\n<p>A pesar de que el futbolista olavarriense tuvo, de chilena, la chance de empatar a los 94\u00b4, fue derrota del \u201cGranate\u201d para dejar de ser el puntero del campeonato.<\/p>\n<p>&nbsp;<\/p>\n<p>Nicol\u00e1s Castro en dos oportunidades para la \u201cLepra\u201d y Jos\u00e9 L\u00f3pez en el conjunto local fueron los goleadores del lunes en el cotejo que tuvo a De la Vega ingresando a los 77\u00b4 en reemplazo del \u201cLaucha\u201d Acosta.<\/p>\n","protected":false},"excerpt":{"rendered":"<p>En el cierre de la 12\u00b0 fecha del \u201cTorneo de los Socios\u201d, Lan\u00fas perdi\u00f3 2 a 1 ante Newell\u00b4s y<\/p>\n","protected":false},"author":96739694,"featured_media":143745,"comment_status":"closed","ping_status":"closed","sticky":false,"template":"","format":"standard","meta":{"_jetpack_memberships_contains_paid_content":false,"footnotes":""},"categories":[35,37,1],"tags":[],"class_list":["post-141704","post","type-post","status-publish","format-standard","has-post-thumbnail","hentry","category-futbol","category-futbol-profesional","category-portada"],"jetpack_featured_media_url":"https:\/\/i0.wp.com\/cdnoticias.com\/wp-content\/uploads\/2021\/09\/pedro-de-la-vega-lanus-2019_ql58ds2uv41m1jtqsdyu7hj8s.jpg?fit=1920%2C1080&ssl=1","jetpack_sharing_enabled":true,"_links":{"self":[{"href":"https:\/\/cdnoticias.com\/index.php\/wp-json\/wp\/v2\/posts\/141704","targetHints":{"allow":["GET"]}}],"collection":[{"href":"https:\/\/cdnoticias.com\/index.php\/wp-json\/wp\/v2\/posts"}],"about":[{"href":"https:\/\/cdnoticias.com\/index.php\/wp-json\/wp\/v2\/types\/post"}],"author":[{"embeddable":true,"href":"https:\/\/cdnoticias.com\/index.php\/wp-json\/wp\/v2\/users\/96739694"}],"replies":[{"embeddable":true,"href":"https:\/\/cdnoticias.com\/index.php\/wp-json\/wp\/v2\/comments?post=141704"}],"version-history":[{"count":0,"href":"https:\/\/cdnoticias.com\/index.php\/wp-json\/wp\/v2\/posts\/141704\/revisions"}],"wp:featuredmedia":[{"embeddable":true,"href":"https:\/\/cdnoticias.com\/index.php\/wp-json\/wp\/v2\/media\/143745"}],"wp:attachment":[{"href":"https:\/\/cdnoticias.com\/index.php\/wp-json\/wp\/v2\/media?parent=141704"}],"wp:term":[{"taxonomy":"category","embeddable":true,"href":"https:\/\/cdnoticias.com\/index.php\/wp-json\/wp\/v2\/categories?post=141704"},{"taxonomy":"post_tag","embeddable":true,"href":"https:\/\/cdnoticias.com\/index.php\/wp-json\/wp\/v2\/tags?post=141704"}],"curies":[{"name":"wp","href":"https:\/\/api.w.org\/{rel}","templated":true}]}}