{"id":141681,"date":"2021-09-18T17:51:59","date_gmt":"2021-09-18T20:51:59","guid":{"rendered":"http:\/\/centraldeportes.com.ar\/?p=5060"},"modified":"2025-01-29T00:05:11","modified_gmt":"2025-01-29T03:05:11","slug":"debut-y-titulo-para-bautista-astiz-en-el-campeonato-argentino","status":"publish","type":"post","link":"https:\/\/cdnoticias.com\/index.php\/2021\/09\/18\/debut-y-titulo-para-bautista-astiz-en-el-campeonato-argentino\/","title":{"rendered":"Debut y t\u00edtulo para Bautista Astiz en el Campeonato Argentino"},"content":{"rendered":"<p>El atleta olavarriense se consagr\u00f3 campe\u00f3n argentino Sub23 al lograr el mejor registro en la posta 4&#215;100 en representaci\u00f3n de la Provincia de Buenos Aires.<\/p>\n<p><!--more--><\/p>\n<hr \/>\n<p>Bautista Astiz tuvo su debut en el Campeonato Argentino Sub23 que se lleva a cabo en el Centro Nacional de Alto Rendimiento Deportivo y fue parte de dos pruebas.<\/p>\n<p>&nbsp;<\/p>\n<p>Primero, el \u201cFortinero\u201d particip\u00f3 de los 100 metros donde logr\u00f3 el quinto puesto en la serie con un registro de 11.17, que le vali\u00f3 adem\u00e1s, el d\u00e9cimo puesto en la final y luego fue seleccionado por la Federaci\u00f3n Bonaerense para ser parte de la posta.<\/p>\n<p>&nbsp;<\/p>\n<p>En la modalidad 4&#215;100, Buenos Aires se impuso y dej\u00f3 atr\u00e1s a Santa Fe y la Federaci\u00f3n Metropolitana.<\/p>\n<p>&nbsp;<\/p>\n<p>La actividad continuar\u00e1 el pr\u00f3ximo domingo con el \u00faltimo d\u00eda de competencias<\/p>\n","protected":false},"excerpt":{"rendered":"<p>El atleta olavarriense se consagr\u00f3 campe\u00f3n argentino Sub23 al lograr el mejor registro en la posta 4&#215;100 en representaci\u00f3n de<\/p>\n","protected":false},"author":96739694,"featured_media":143674,"comment_status":"closed","ping_status":"closed","sticky":false,"template":"","format":"standard","meta":{"_jetpack_memberships_contains_paid_content":false,"footnotes":""},"categories":[38,1],"tags":[],"class_list":["post-141681","post","type-post","status-publish","format-standard","has-post-thumbnail","hentry","category-pedestrismo","category-portada"],"jetpack_featured_media_url":"https:\/\/i0.wp.com\/cdnoticias.com\/wp-content\/uploads\/2021\/09\/WhatsApp-Image-2021-05-17-at-13.57.06-e1631998300952.jpeg?fit=1221%2C738&ssl=1","jetpack_sharing_enabled":true,"_links":{"self":[{"href":"https:\/\/cdnoticias.com\/index.php\/wp-json\/wp\/v2\/posts\/141681","targetHints":{"allow":["GET"]}}],"collection":[{"href":"https:\/\/cdnoticias.com\/index.php\/wp-json\/wp\/v2\/posts"}],"about":[{"href":"https:\/\/cdnoticias.com\/index.php\/wp-json\/wp\/v2\/types\/post"}],"author":[{"embeddable":true,"href":"https:\/\/cdnoticias.com\/index.php\/wp-json\/wp\/v2\/users\/96739694"}],"replies":[{"embeddable":true,"href":"https:\/\/cdnoticias.com\/index.php\/wp-json\/wp\/v2\/comments?post=141681"}],"version-history":[{"count":0,"href":"https:\/\/cdnoticias.com\/index.php\/wp-json\/wp\/v2\/posts\/141681\/revisions"}],"wp:featuredmedia":[{"embeddable":true,"href":"https:\/\/cdnoticias.com\/index.php\/wp-json\/wp\/v2\/media\/143674"}],"wp:attachment":[{"href":"https:\/\/cdnoticias.com\/index.php\/wp-json\/wp\/v2\/media?parent=141681"}],"wp:term":[{"taxonomy":"category","embeddable":true,"href":"https:\/\/cdnoticias.com\/index.php\/wp-json\/wp\/v2\/categories?post=141681"},{"taxonomy":"post_tag","embeddable":true,"href":"https:\/\/cdnoticias.com\/index.php\/wp-json\/wp\/v2\/tags?post=141681"}],"curies":[{"name":"wp","href":"https:\/\/api.w.org\/{rel}","templated":true}]}}