{"id":141679,"date":"2021-09-18T10:24:09","date_gmt":"2021-09-18T13:24:09","guid":{"rendered":"http:\/\/centraldeportes.com.ar\/?p=5049"},"modified":"2025-01-29T00:05:18","modified_gmt":"2025-01-29T03:05:18","slug":"mundial-de-paracanotaje-octavo-lugar-para-el-representante-olavarriense","status":"publish","type":"post","link":"https:\/\/cdnoticias.com\/index.php\/2021\/09\/18\/mundial-de-paracanotaje-octavo-lugar-para-el-representante-olavarriense\/","title":{"rendered":"Mundial de paracanotaje: octavo lugar para el representante olavarriense"},"content":{"rendered":"<p>Destacada actuaci\u00f3n cumpli\u00f3 en la madrugada de este s\u00e1bado Lucas D\u00edaz Aspiroz al finalizar octavo en la Final A en el Mundial de paracanotaje que se lleva a cabo en Dinamarca.<\/p>\n<p><!--more--><\/p>\n<hr \/>\n<p>Lucas D\u00edaz Aspiroz logr\u00f3 mejorar sus registros notoriamente en la prueba de KL1 200 y con un tiempo de 53.17 segundos fue el octavo mejor palista del mundo.<\/p>\n<p>&nbsp;<\/p>\n<p>En Copenhague, el palista olavarriense disput\u00f3 la Final A que qued\u00f3 en manos del actual campe\u00f3n mundial y paral\u00edmpico Peter Kiss, de Hungr\u00eda, con un tiempo de 45.94.<\/p>\n","protected":false},"excerpt":{"rendered":"<p>Destacada actuaci\u00f3n cumpli\u00f3 en la madrugada de este s\u00e1bado Lucas D\u00edaz Aspiroz al finalizar octavo en la Final A en<\/p>\n","protected":false},"author":96739694,"featured_media":143701,"comment_status":"closed","ping_status":"closed","sticky":false,"template":"","format":"standard","meta":{"_jetpack_memberships_contains_paid_content":false,"footnotes":""},"categories":[30,1],"tags":[],"class_list":["post-141679","post","type-post","status-publish","format-standard","has-post-thumbnail","hentry","category-polideportivo","category-portada"],"jetpack_featured_media_url":"https:\/\/i0.wp.com\/cdnoticias.com\/wp-content\/uploads\/2021\/09\/1.png?fit=1280%2C853&ssl=1","jetpack_sharing_enabled":true,"_links":{"self":[{"href":"https:\/\/cdnoticias.com\/index.php\/wp-json\/wp\/v2\/posts\/141679","targetHints":{"allow":["GET"]}}],"collection":[{"href":"https:\/\/cdnoticias.com\/index.php\/wp-json\/wp\/v2\/posts"}],"about":[{"href":"https:\/\/cdnoticias.com\/index.php\/wp-json\/wp\/v2\/types\/post"}],"author":[{"embeddable":true,"href":"https:\/\/cdnoticias.com\/index.php\/wp-json\/wp\/v2\/users\/96739694"}],"replies":[{"embeddable":true,"href":"https:\/\/cdnoticias.com\/index.php\/wp-json\/wp\/v2\/comments?post=141679"}],"version-history":[{"count":0,"href":"https:\/\/cdnoticias.com\/index.php\/wp-json\/wp\/v2\/posts\/141679\/revisions"}],"wp:featuredmedia":[{"embeddable":true,"href":"https:\/\/cdnoticias.com\/index.php\/wp-json\/wp\/v2\/media\/143701"}],"wp:attachment":[{"href":"https:\/\/cdnoticias.com\/index.php\/wp-json\/wp\/v2\/media?parent=141679"}],"wp:term":[{"taxonomy":"category","embeddable":true,"href":"https:\/\/cdnoticias.com\/index.php\/wp-json\/wp\/v2\/categories?post=141679"},{"taxonomy":"post_tag","embeddable":true,"href":"https:\/\/cdnoticias.com\/index.php\/wp-json\/wp\/v2\/tags?post=141679"}],"curies":[{"name":"wp","href":"https:\/\/api.w.org\/{rel}","templated":true}]}}