{"id":141671,"date":"2021-09-17T01:17:38","date_gmt":"2021-09-17T04:17:38","guid":{"rendered":"http:\/\/centraldeportes.com.ar\/?p=4989"},"modified":"2025-01-29T00:05:59","modified_gmt":"2025-01-29T03:05:59","slug":"racing-azul-logro-una-gran-victoria-en-el-estadio-del-carbonero","status":"publish","type":"post","link":"https:\/\/cdnoticias.com\/index.php\/2021\/09\/17\/racing-azul-logro-una-gran-victoria-en-el-estadio-del-carbonero\/","title":{"rendered":"Racing Azul logr\u00f3 una gran victoria en el estadio del \u201cCarbonero\u201d"},"content":{"rendered":"<p>Este jueves se jug\u00f3 un nuevo partido del Torneo Oficial organizado por la Asociaci\u00f3n de B\u00e1squet de Olavarr\u00eda y fue triunfo de Racing Azul sobre Ferro por 80 a 74.<!--more--><\/p>\n<hr \/>\n<p>Los \u201cChairas\u201d azules siguen sumando victorias y se ilusionan con dar pelea en la competencia dom\u00e9stica y a pesar de que Tom\u00e1s Pietrafesa fue imparable con 44 puntos en la noche, la visita tuvo un gran \u00faltimo cuarto para derrotar al \u201cCarbonero\u201d.<\/p>\n<p>&nbsp;<\/p>\n<p>Fue pareja la primera mitad en el De la Vega, el primer cuarto favoreci\u00f3 a los locales y en los segundos 10 minutos los dirigidos por Mat\u00edas Orlando revirtieron el resultado con buenas apariciones de Andr\u00e9s Ruiz.<\/p>\n<p>&nbsp;<\/p>\n<p>En la segunda mitad, los locales reaccionaron para llegar al final del tercer cuarto abajo por la m\u00ednima diferencia, pero en el periodo decisivo se qued\u00f3 sin gol a diferencia de Racing que sentenci\u00f3 el partido con los aportes de Francisco Fern\u00e1ndez.<\/p>\n<p>&nbsp;<\/p>\n<p>[soliloquy slug=&#8221;ferro-racing-azul&#8221;]<\/p>\n<p>&nbsp;<\/p>\n<p>La actividad continuar\u00e1 el pr\u00f3ximo viernes con tres partidos uno en el Juan Manolio, otro en el Maxigimnasio del Club Estudiantes y el restante en el Parque Olavarr\u00eda.<\/p>\n<p>S\u00edntesis Ferro \u2013 Racing Azul:<br \/>\nEstadio: De la Vega<br \/>\n\u00c1rbitros: Dom\u00ednguez, M. y Rigo, J.<br \/>\n<strong>Ferro (74): Pietrafesa (44), Dupin (3), P\u00e9rez, C. (0), Men\u00f3n (3), Alonso (7) -FI- P\u00e9rez, F. (0), Iglesias (2), Rodr\u00edguez Pane (7), Schwemer (8). DT- Mauricio Beltramella<\/strong><br \/>\n<strong>Racing Azul (80): Ruiz (21), Mondini (7), Oronoz (0), Fornes (11), Fern\u00e1ndez (23) -FI- Navarro (0), Ferreyra (0), Navarro, S. (5), D\u00b4Alessio (0), Ciuffetelli (13), Luj\u00e1n (0). DT- Mat\u00edas Orlando<\/strong><br \/>\nParciales: 22 \u2013 20; 38 \u2013 42; 61 \u2013 62 y 74 \u2013 80.<\/p>\n","protected":false},"excerpt":{"rendered":"<p>Este jueves se jug\u00f3 un nuevo partido del Torneo Oficial organizado por la Asociaci\u00f3n de B\u00e1squet de Olavarr\u00eda y fue<\/p>\n","protected":false},"author":96739694,"featured_media":0,"comment_status":"closed","ping_status":"closed","sticky":false,"template":"","format":"standard","meta":{"_jetpack_memberships_contains_paid_content":false,"footnotes":""},"categories":[31,1,43],"tags":[],"class_list":["post-141671","post","type-post","status-publish","format-standard","hentry","category-basquet","category-portada","category-primera"],"jetpack_featured_media_url":"","jetpack_sharing_enabled":true,"_links":{"self":[{"href":"https:\/\/cdnoticias.com\/index.php\/wp-json\/wp\/v2\/posts\/141671","targetHints":{"allow":["GET"]}}],"collection":[{"href":"https:\/\/cdnoticias.com\/index.php\/wp-json\/wp\/v2\/posts"}],"about":[{"href":"https:\/\/cdnoticias.com\/index.php\/wp-json\/wp\/v2\/types\/post"}],"author":[{"embeddable":true,"href":"https:\/\/cdnoticias.com\/index.php\/wp-json\/wp\/v2\/users\/96739694"}],"replies":[{"embeddable":true,"href":"https:\/\/cdnoticias.com\/index.php\/wp-json\/wp\/v2\/comments?post=141671"}],"version-history":[{"count":0,"href":"https:\/\/cdnoticias.com\/index.php\/wp-json\/wp\/v2\/posts\/141671\/revisions"}],"wp:attachment":[{"href":"https:\/\/cdnoticias.com\/index.php\/wp-json\/wp\/v2\/media?parent=141671"}],"wp:term":[{"taxonomy":"category","embeddable":true,"href":"https:\/\/cdnoticias.com\/index.php\/wp-json\/wp\/v2\/categories?post=141671"},{"taxonomy":"post_tag","embeddable":true,"href":"https:\/\/cdnoticias.com\/index.php\/wp-json\/wp\/v2\/tags?post=141671"}],"curies":[{"name":"wp","href":"https:\/\/api.w.org\/{rel}","templated":true}]}}