{"id":141670,"date":"2021-09-17T01:01:31","date_gmt":"2021-09-17T04:01:31","guid":{"rendered":"http:\/\/centraldeportes.com.ar\/?p=4987"},"modified":"2025-01-29T00:05:59","modified_gmt":"2025-01-29T03:05:59","slug":"gol-agonico-de-el-provincial-para-la-victoria-en-el-norberto-desanzo","status":"publish","type":"post","link":"https:\/\/cdnoticias.com\/index.php\/2021\/09\/17\/gol-agonico-de-el-provincial-para-la-victoria-en-el-norberto-desanzo\/","title":{"rendered":"Gol ag\u00f3nico de El Provincial para la victoria en el \u201cNorberto Desanzo\u201d"},"content":{"rendered":"<p>En el Ricardo S\u00e1nchez, El Provincial venci\u00f3 1 a 0 a Luj\u00e1n en el debut de ambos elencos en el Torneo Apertura \u201cNorberto Desanzo\u201d.<!--more--><\/p>\n<hr \/>\n<p>Un gol de Juan Lallana en tiempo de descuento le dio a El Provincial los primeros 3 puntos en la competencia dom\u00e9stica en el debut de su DT.<\/p>\n<p>&nbsp;<\/p>\n<p>Con una idea clara de buscar a los delanteros de manera r\u00e1pida y con un gran partido de Rodrigo Albin, El Provincial control\u00f3 el juego pero fue Luj\u00e1n el elenco que tuvo las situaciones m\u00e1s claras en los pies de Cristian Orradre que entre las que tuvo un remate en el palo.<\/p>\n<p>&nbsp;<\/p>\n<p>[soliloquy slug=&#8221;el-provincial-lujan&#8221;]<\/p>\n<p>&nbsp;<\/p>\n<p>Pero cuando todo parec\u00eda ser empate sin goles, Juan Lallana se transform\u00f3 en el h\u00e9roe de la velada y le dio al \u201cProvin\u201d sus primeros tres puntos.<\/p>\n<p>&nbsp;<\/p>\n<p>S\u00edntesis El Provincial \u2013 Luj\u00e1n:<br \/>\nEstadio: Ricardo S\u00e1nchez<br \/>\n\u00c1rbitro: Cristian Arce<br \/>\n<strong>El Provincial (1): Alonso, Laffite, Contreras, Da Costa, Castaares, Ram\u00edrez (Moyano), San Juli\u00e1n, Corrente (Valderrey), Barriento (Lallana), Alb\u00edn (Mogica), Laborde (Vivas). DT- Mauricio Fourcade<\/strong><br \/>\n<strong>Luj\u00e1n (0): Marchesi, Vivas, M., Rold\u00e1n, Gonz\u00e1lez, Rodr\u00edguez, Buceta (Aresi), Vivas, R., Del Castillo (Serjen), Gonz\u00e1lez Buckner, Mancuello, Orradre. DT- Pablo Banegas<\/strong><br \/>\nAmonestados: San Juli\u00e1n, Corrente, Barriento en El Provincial<br \/>\nExpulsados: No hubo<br \/>\nGoles: Lallana en El Provincial<\/p>\n","protected":false},"excerpt":{"rendered":"<p>En el Ricardo S\u00e1nchez, El Provincial venci\u00f3 1 a 0 a Luj\u00e1n en el debut de ambos elencos en el<\/p>\n","protected":false},"author":96739694,"featured_media":143715,"comment_status":"closed","ping_status":"closed","sticky":false,"template":"","format":"standard","meta":{"_jetpack_memberships_contains_paid_content":false,"footnotes":""},"categories":[35,1,41],"tags":[],"class_list":["post-141670","post","type-post","status-publish","format-standard","has-post-thumbnail","hentry","category-futbol","category-portada","category-primera-y-reserva"],"jetpack_featured_media_url":"https:\/\/i0.wp.com\/cdnoticias.com\/wp-content\/uploads\/2021\/09\/elprovincial-lujan-2.png?fit=1280%2C853&ssl=1","jetpack_sharing_enabled":true,"_links":{"self":[{"href":"https:\/\/cdnoticias.com\/index.php\/wp-json\/wp\/v2\/posts\/141670","targetHints":{"allow":["GET"]}}],"collection":[{"href":"https:\/\/cdnoticias.com\/index.php\/wp-json\/wp\/v2\/posts"}],"about":[{"href":"https:\/\/cdnoticias.com\/index.php\/wp-json\/wp\/v2\/types\/post"}],"author":[{"embeddable":true,"href":"https:\/\/cdnoticias.com\/index.php\/wp-json\/wp\/v2\/users\/96739694"}],"replies":[{"embeddable":true,"href":"https:\/\/cdnoticias.com\/index.php\/wp-json\/wp\/v2\/comments?post=141670"}],"version-history":[{"count":0,"href":"https:\/\/cdnoticias.com\/index.php\/wp-json\/wp\/v2\/posts\/141670\/revisions"}],"wp:featuredmedia":[{"embeddable":true,"href":"https:\/\/cdnoticias.com\/index.php\/wp-json\/wp\/v2\/media\/143715"}],"wp:attachment":[{"href":"https:\/\/cdnoticias.com\/index.php\/wp-json\/wp\/v2\/media?parent=141670"}],"wp:term":[{"taxonomy":"category","embeddable":true,"href":"https:\/\/cdnoticias.com\/index.php\/wp-json\/wp\/v2\/categories?post=141670"},{"taxonomy":"post_tag","embeddable":true,"href":"https:\/\/cdnoticias.com\/index.php\/wp-json\/wp\/v2\/tags?post=141670"}],"curies":[{"name":"wp","href":"https:\/\/api.w.org\/{rel}","templated":true}]}}