{"id":141669,"date":"2021-09-16T21:13:48","date_gmt":"2021-09-17T00:13:48","guid":{"rendered":"http:\/\/centraldeportes.com.ar\/?p=4965"},"modified":"2025-01-29T00:06:07","modified_gmt":"2025-01-29T03:06:07","slug":"matias-abelairas-estoy-contento-de-debutar-en-primera-en-este-club","status":"publish","type":"post","link":"https:\/\/cdnoticias.com\/index.php\/2021\/09\/16\/matias-abelairas-estoy-contento-de-debutar-en-primera-en-este-club\/","title":{"rendered":"Mat\u00edas Abelairas: \u201cEstoy contento de debutar en Primera en este Club\u201d"},"content":{"rendered":"<p>El futbolista de 36 a\u00f1os tuvo su debut en la Primera Divisi\u00f3n de El Fort\u00edn en la tarde del mi\u00e9rcoles y tras el triunfo cont\u00f3 su experiencia al regresar al f\u00fatbol local, explic\u00f3 sus motivos y no se olvid\u00f3 de su paso en Colonias y Cerros donde fue campe\u00f3n con su grupo de amigos.<!--more--><\/p>\n<hr \/>\n<p>\u201cEstoy contento de debutar en Primera en este Club, es mi debut en la Primera Divisi\u00f3n de <a href=\"http:\/\/centraldeportes.com.ar\/comenzo-el-torneo-apertura-con-el-regreso-del-publico-y-el-de-matias-abelairas-a-el-fortin\/\">El Fort\u00edn<\/a> porque me fui de muy chiquito, a los 13 a\u00f1os\u201d, coment\u00f3 felizmente Abelairas mientras una decena de ni\u00f1os esperaban con camisetas de River para conseguir un aut\u00f3grafo.<\/p>\n<p>El \u201cPitu\u201d explic\u00f3 que fueron temas familiares los que obligaron el regreso a Olavarr\u00eda tras una \u00faltima temporada en la Primera Divisi\u00f3n del f\u00fatbol de Bolivia pero que decidi\u00f3: \u201cseguir jugando a la pelota que es lo que me apasiona y en Olavarr\u00eda mi coraz\u00f3n est\u00e1 en El Fort\u00edn\u201d.<\/p>\n<p>&nbsp;<\/p>\n<p><img data-recalc-dims=\"1\" loading=\"lazy\" decoding=\"async\" class=\"aligncenter size-full wp-image-4967\" src=\"https:\/\/i0.wp.com\/centraldeportes.com.ar\/wp-content\/uploads\/2021\/09\/ab.png?resize=800%2C533\" alt=\"\" width=\"800\" height=\"533\" \/><\/p>\n<p>&nbsp;<\/p>\n<p>\u201c<strong><em>El debut se sinti\u00f3 bien yo estoy para sumar y aportar porque no soy el de los 20 y estoy en otra etapa de mi vida y lo importante es que empezamos ganando<\/em><\/strong>\u201d, dijo Abelairas que se mostr\u00f3 deseoso de \u201cque al club le vaya bien\u201d.<\/p>\n<p>Abelairas tambi\u00e9n hizo hincapi\u00e9 en su trato con el grupo y Gabriel Senzacqua: \u201c<em><strong>Son un grupo espectacular y muy joven que me hacen sentir viejo y Gabriel me recibi\u00f3 muy bien porque sabe que yo vine a aportar lo m\u00edo<\/strong><\/em>\u201d.<\/p>\n<p>Por \u00faltimo, el ex River cont\u00f3 que \u201c<strong><em>cuando llegu\u00e9 a Olavarr\u00eda me cost\u00f3 la decisi\u00f3n de empezar a jugar en El Fort\u00edn y entonces empec\u00e9 empec\u00e9 a jugar con mis amigos en Colonias y Cerros y disfrut\u00e9 de jugar con ellos en un torneo que me ayud\u00f3 a no estar parado<\/em><\/strong>\u201d.<\/p>\n","protected":false},"excerpt":{"rendered":"<p>El futbolista de 36 a\u00f1os tuvo su debut en la Primera Divisi\u00f3n de El Fort\u00edn en la tarde del mi\u00e9rcoles<\/p>\n","protected":false},"author":96739694,"featured_media":143718,"comment_status":"closed","ping_status":"closed","sticky":false,"template":"","format":"standard","meta":{"_jetpack_memberships_contains_paid_content":false,"footnotes":""},"categories":[35,1,41],"tags":[],"class_list":["post-141669","post","type-post","status-publish","format-standard","has-post-thumbnail","hentry","category-futbol","category-portada","category-primera-y-reserva"],"jetpack_featured_media_url":"https:\/\/i0.wp.com\/cdnoticias.com\/wp-content\/uploads\/2021\/09\/ab2.png?fit=1280%2C853&ssl=1","jetpack_sharing_enabled":true,"_links":{"self":[{"href":"https:\/\/cdnoticias.com\/index.php\/wp-json\/wp\/v2\/posts\/141669","targetHints":{"allow":["GET"]}}],"collection":[{"href":"https:\/\/cdnoticias.com\/index.php\/wp-json\/wp\/v2\/posts"}],"about":[{"href":"https:\/\/cdnoticias.com\/index.php\/wp-json\/wp\/v2\/types\/post"}],"author":[{"embeddable":true,"href":"https:\/\/cdnoticias.com\/index.php\/wp-json\/wp\/v2\/users\/96739694"}],"replies":[{"embeddable":true,"href":"https:\/\/cdnoticias.com\/index.php\/wp-json\/wp\/v2\/comments?post=141669"}],"version-history":[{"count":0,"href":"https:\/\/cdnoticias.com\/index.php\/wp-json\/wp\/v2\/posts\/141669\/revisions"}],"wp:featuredmedia":[{"embeddable":true,"href":"https:\/\/cdnoticias.com\/index.php\/wp-json\/wp\/v2\/media\/143718"}],"wp:attachment":[{"href":"https:\/\/cdnoticias.com\/index.php\/wp-json\/wp\/v2\/media?parent=141669"}],"wp:term":[{"taxonomy":"category","embeddable":true,"href":"https:\/\/cdnoticias.com\/index.php\/wp-json\/wp\/v2\/categories?post=141669"},{"taxonomy":"post_tag","embeddable":true,"href":"https:\/\/cdnoticias.com\/index.php\/wp-json\/wp\/v2\/tags?post=141669"}],"curies":[{"name":"wp","href":"https:\/\/api.w.org\/{rel}","templated":true}]}}