{"id":141668,"date":"2021-09-16T17:26:11","date_gmt":"2021-09-16T20:26:11","guid":{"rendered":"http:\/\/centraldeportes.com.ar\/?p=4960"},"modified":"2025-01-29T00:06:24","modified_gmt":"2025-01-29T03:06:24","slug":"festival-del-ciclismo-en-ayacucho-con-presencia-de-varios-olavarrienses","status":"publish","type":"post","link":"https:\/\/cdnoticias.com\/index.php\/2021\/09\/16\/festival-del-ciclismo-en-ayacucho-con-presencia-de-varios-olavarrienses\/","title":{"rendered":"Festival del ciclismo en Ayacucho con presencia de varios olavarrienses"},"content":{"rendered":"<p>El pasado domingo, varios ciclistas de la Ciudad se acercaron hasta Ayacucho para ser parte de un festival que cont\u00f3 con grandes protagonistas.<\/p>\n<p><!--more--><\/p>\n<hr \/>\n<p>En la ciudad de Ayacucho se realiz\u00f3 un evento de ciclismo que conto con un nivel excelente de competidores que se dieron cita en dicho trazado, donde se hicieron presente medallistas de las diferentes categor\u00edas d\u00e1ndole prestigio a la celebraci\u00f3n del aniversario del club.<\/p>\n<p>&nbsp;<\/p>\n<p>M\u00e1s de una docena de deportistas dijeron presente en el 81\u00b0 aniversario del Cicles Club de Ayacucho y para varios hubo podios. Entre lo m\u00e1s destacado se encuentra el primer lugar de Lucrecia Hern\u00e1ndez y los podios para Valentina Olivan, Fiama Abrizqueta y Charo Posse.<\/p>\n<p>&nbsp;<\/p>\n<p><img data-recalc-dims=\"1\" loading=\"lazy\" decoding=\"async\" class=\"aligncenter size-full wp-image-4962\" src=\"https:\/\/i0.wp.com\/centraldeportes.com.ar\/wp-content\/uploads\/2021\/09\/WhatsApp-Image-2021-09-16-at-4.54.01-PM.jpeg?resize=480%2C320\" alt=\"\" width=\"480\" height=\"320\" \/><\/p>\n<p>&nbsp;<\/p>\n<p>William Brun fue el protagonista local en la prueba de \u00c9lite ya que finaliz\u00f3 en segundo lugar por detr\u00e1s del subcampe\u00f3n argentino Sergio Fredes. Luciano Ferro fue s\u00e9ptimo en la general y se impuso en \u00c9lite II donde compiti\u00f3 Marcelo Galv\u00e1n que fue segundo.<\/p>\n<p>&nbsp;<\/p>\n<p>Adem\u00e1s, en M\u00e1ster B, Jorge Salguero se qued\u00f3 en el 5\u00b0 escal\u00f3n del podio, Francisco Posse fue tercero en M\u00e1ster D y en Aficionados Rub\u00e9n Valerga fue 4\u00b0 en Mayores de 40 y Mateo Bacciolotte fue segundo entre los Menores de 40 a\u00f1os<\/p>\n","protected":false},"excerpt":{"rendered":"<p>El pasado domingo, varios ciclistas de la Ciudad se acercaron hasta Ayacucho para ser parte de un festival que cont\u00f3<\/p>\n","protected":false},"author":96739694,"featured_media":0,"comment_status":"closed","ping_status":"closed","sticky":false,"template":"","format":"standard","meta":{"_jetpack_memberships_contains_paid_content":false,"footnotes":""},"categories":[30,1],"tags":[],"class_list":["post-141668","post","type-post","status-publish","format-standard","hentry","category-polideportivo","category-portada"],"jetpack_featured_media_url":"","jetpack_sharing_enabled":true,"_links":{"self":[{"href":"https:\/\/cdnoticias.com\/index.php\/wp-json\/wp\/v2\/posts\/141668","targetHints":{"allow":["GET"]}}],"collection":[{"href":"https:\/\/cdnoticias.com\/index.php\/wp-json\/wp\/v2\/posts"}],"about":[{"href":"https:\/\/cdnoticias.com\/index.php\/wp-json\/wp\/v2\/types\/post"}],"author":[{"embeddable":true,"href":"https:\/\/cdnoticias.com\/index.php\/wp-json\/wp\/v2\/users\/96739694"}],"replies":[{"embeddable":true,"href":"https:\/\/cdnoticias.com\/index.php\/wp-json\/wp\/v2\/comments?post=141668"}],"version-history":[{"count":0,"href":"https:\/\/cdnoticias.com\/index.php\/wp-json\/wp\/v2\/posts\/141668\/revisions"}],"wp:attachment":[{"href":"https:\/\/cdnoticias.com\/index.php\/wp-json\/wp\/v2\/media?parent=141668"}],"wp:term":[{"taxonomy":"category","embeddable":true,"href":"https:\/\/cdnoticias.com\/index.php\/wp-json\/wp\/v2\/categories?post=141668"},{"taxonomy":"post_tag","embeddable":true,"href":"https:\/\/cdnoticias.com\/index.php\/wp-json\/wp\/v2\/tags?post=141668"}],"curies":[{"name":"wp","href":"https:\/\/api.w.org\/{rel}","templated":true}]}}