{"id":141665,"date":"2021-09-16T09:57:00","date_gmt":"2021-09-16T12:57:00","guid":{"rendered":"http:\/\/centraldeportes.com.ar\/?p=4949"},"modified":"2021-09-16T09:57:00","modified_gmt":"2021-09-16T12:57:00","slug":"mundial-de-paracanotaje-lucas-diaz-aspiroz-es-finalista-2","status":"publish","type":"post","link":"https:\/\/cdnoticias.com\/index.php\/2021\/09\/16\/mundial-de-paracanotaje-lucas-diaz-aspiroz-es-finalista-2\/","title":{"rendered":"Mundial de Paracanotaje: Lucas D\u00edaz Aspiroz es finalista"},"content":{"rendered":"<p>Inici\u00f3 este jueves el Mundial de Paracanotaje en Copenhague y Lucas D\u00edaz Aspiroz logr\u00f3 la clasificaci\u00f3n a la Final A de su especialidad KL1 con su segundo puesto en la Semifinal.<!--more--><\/p>\n<hr \/>\n<p>El palista olavarriense inici\u00f3 la competencia mundialista con un quinto puesto en el segundo heat con un tiempo de 55.91 que le permiti\u00f3 clasificar a la Semifinal 1.<\/p>\n<p>&nbsp;<\/p>\n<p>En b\u00fasqueda de la clasificaci\u00f3n a la Final, D\u00edaz Aspiroz fue segundo en la \u201cSemi\u201d con un registro de 55.70 por detr\u00e1s de Pavel Gromov (55.221). Anas Al Khalifa tambi\u00e9n accedi\u00f3 a la prueba final con su tercer puesto.<\/p>\n<p>&nbsp;<\/p>\n<p>El deportista olavarriense que representa a la Argentina largar\u00e1 en la pista n\u00famero 1 y se medir\u00e1 con importantes palistas internacionales como el brasile\u00f1o Luis Silva, el franc\u00e9s Remy Boulle y el h\u00fangaro Peter Kiss.<\/p>\n","protected":false},"excerpt":{"rendered":"<p>Inici\u00f3 este jueves el Mundial de Paracanotaje en Copenhague y Lucas D\u00edaz Aspiroz logr\u00f3 la clasificaci\u00f3n a la Final A<\/p>\n","protected":false},"author":96739695,"featured_media":4950,"comment_status":"closed","ping_status":"closed","sticky":false,"template":"","format":"standard","meta":{"_jetpack_memberships_contains_paid_content":false,"footnotes":""},"categories":[30,1],"tags":[],"class_list":["post-141665","post","type-post","status-publish","format-standard","has-post-thumbnail","hentry","category-polideportivo","category-portada"],"jetpack_featured_media_url":"https:\/\/i0.wp.com\/cdnoticias.com\/wp-content\/uploads\/2020\/10\/WhatsApp-Image-2020-10-26-at-21.14.49.jpeg?fit=1280%2C950&ssl=1","jetpack_sharing_enabled":true,"_links":{"self":[{"href":"https:\/\/cdnoticias.com\/index.php\/wp-json\/wp\/v2\/posts\/141665","targetHints":{"allow":["GET"]}}],"collection":[{"href":"https:\/\/cdnoticias.com\/index.php\/wp-json\/wp\/v2\/posts"}],"about":[{"href":"https:\/\/cdnoticias.com\/index.php\/wp-json\/wp\/v2\/types\/post"}],"author":[{"embeddable":true,"href":"https:\/\/cdnoticias.com\/index.php\/wp-json\/wp\/v2\/users\/96739695"}],"replies":[{"embeddable":true,"href":"https:\/\/cdnoticias.com\/index.php\/wp-json\/wp\/v2\/comments?post=141665"}],"version-history":[{"count":0,"href":"https:\/\/cdnoticias.com\/index.php\/wp-json\/wp\/v2\/posts\/141665\/revisions"}],"wp:featuredmedia":[{"embeddable":true,"href":"https:\/\/cdnoticias.com\/index.php\/wp-json\/wp\/v2\/media\/4950"}],"wp:attachment":[{"href":"https:\/\/cdnoticias.com\/index.php\/wp-json\/wp\/v2\/media?parent=141665"}],"wp:term":[{"taxonomy":"category","embeddable":true,"href":"https:\/\/cdnoticias.com\/index.php\/wp-json\/wp\/v2\/categories?post=141665"},{"taxonomy":"post_tag","embeddable":true,"href":"https:\/\/cdnoticias.com\/index.php\/wp-json\/wp\/v2\/tags?post=141665"}],"curies":[{"name":"wp","href":"https:\/\/api.w.org\/{rel}","templated":true}]}}