{"id":141663,"date":"2021-09-15T23:46:25","date_gmt":"2021-09-16T02:46:25","guid":{"rendered":"http:\/\/centraldeportes.com.ar\/?p=4928"},"modified":"2025-01-29T00:02:40","modified_gmt":"2025-01-29T03:02:40","slug":"la-segunda-fecha-del-torneo-apertura-siguio-con-triunfos-de-ferro-san-martin-y-racing","status":"publish","type":"post","link":"https:\/\/cdnoticias.com\/index.php\/2021\/09\/15\/la-segunda-fecha-del-torneo-apertura-siguio-con-triunfos-de-ferro-san-martin-y-racing\/","title":{"rendered":"La segunda fecha del Torneo Apertura sigui\u00f3 con triunfos de Ferro, San Mart\u00edn y Racing"},"content":{"rendered":"<p>Prosigui\u00f3 la acci\u00f3n en el f\u00fatbol local y en la noche del mi\u00e9rcoles hubo victorias de Ferro, San Mart\u00edn y Racing que se sumaron a la conquista \u201cFortinera\u201d del primer turno.<!--more--><\/p>\n<hr \/>\n<p>En el Domingo Colasurdo, Ferro tuvo su estreno triunfal en el Torneo Apertura al derrotar por 2 a 1 a Loma Negra con dos goles de Ignacio Pierce. F\u00e9lix Galv\u00e1n marc\u00f3 para el \u201cCeleste\u201d.<\/p>\n<p>&nbsp;<\/p>\n<p>Tambi\u00e9n, hubo triunfo de Racing ante Hinojo en su estadio por 4 a 1. Mat\u00edas Ordozgoiti, Luciano Rojas, Juan Manuel Ponce y Alejandro Cataldi marcaron para el \u201cChaira\u201d y el gol \u201calbiverde\u201d fue de Braian Alveira.<\/p>\n<p>&nbsp;<\/p>\n<p>[soliloquy slug=&#8221;futbol&#8221;]<\/p>\n<p>&nbsp;<\/p>\n<p>Por \u00faltimo, Municipales derrot\u00f3 2 a 1 a San Mart\u00edn en el Pozo Serrano.<\/p>\n<p>&nbsp;<\/p>\n<p>La segunda fecha que marc\u00f3 del estreno del Torneo Apertura tendr\u00e1 un nuevo partido en la tarde-noche del jueves con el cruce entre El Provincial y Luj\u00e1n desde las 19:30 en el Ricardo S\u00e1nchez.<\/p>\n","protected":false},"excerpt":{"rendered":"<p>Prosigui\u00f3 la acci\u00f3n en el f\u00fatbol local y en la noche del mi\u00e9rcoles hubo victorias de Ferro, San Mart\u00edn y<\/p>\n","protected":false},"author":96739694,"featured_media":0,"comment_status":"closed","ping_status":"closed","sticky":false,"template":"","format":"standard","meta":{"_jetpack_memberships_contains_paid_content":false,"footnotes":""},"categories":[35,1,41],"tags":[],"class_list":["post-141663","post","type-post","status-publish","format-standard","hentry","category-futbol","category-portada","category-primera-y-reserva"],"jetpack_featured_media_url":"","jetpack_sharing_enabled":true,"_links":{"self":[{"href":"https:\/\/cdnoticias.com\/index.php\/wp-json\/wp\/v2\/posts\/141663","targetHints":{"allow":["GET"]}}],"collection":[{"href":"https:\/\/cdnoticias.com\/index.php\/wp-json\/wp\/v2\/posts"}],"about":[{"href":"https:\/\/cdnoticias.com\/index.php\/wp-json\/wp\/v2\/types\/post"}],"author":[{"embeddable":true,"href":"https:\/\/cdnoticias.com\/index.php\/wp-json\/wp\/v2\/users\/96739694"}],"replies":[{"embeddable":true,"href":"https:\/\/cdnoticias.com\/index.php\/wp-json\/wp\/v2\/comments?post=141663"}],"version-history":[{"count":0,"href":"https:\/\/cdnoticias.com\/index.php\/wp-json\/wp\/v2\/posts\/141663\/revisions"}],"wp:attachment":[{"href":"https:\/\/cdnoticias.com\/index.php\/wp-json\/wp\/v2\/media?parent=141663"}],"wp:term":[{"taxonomy":"category","embeddable":true,"href":"https:\/\/cdnoticias.com\/index.php\/wp-json\/wp\/v2\/categories?post=141663"},{"taxonomy":"post_tag","embeddable":true,"href":"https:\/\/cdnoticias.com\/index.php\/wp-json\/wp\/v2\/tags?post=141663"}],"curies":[{"name":"wp","href":"https:\/\/api.w.org\/{rel}","templated":true}]}}