{"id":141658,"date":"2021-09-15T18:22:36","date_gmt":"2021-09-15T21:22:36","guid":{"rendered":"http:\/\/centraldeportes.com.ar\/?p=4904"},"modified":"2025-01-29T00:02:48","modified_gmt":"2025-01-29T03:02:48","slug":"comenzo-el-torneo-apertura-con-el-regreso-del-publico-y-el-de-matias-abelairas-a-el-fortin","status":"publish","type":"post","link":"https:\/\/cdnoticias.com\/index.php\/2021\/09\/15\/comenzo-el-torneo-apertura-con-el-regreso-del-publico-y-el-de-matias-abelairas-a-el-fortin\/","title":{"rendered":"Comenz\u00f3 el Torneo Apertura con el regreso del p\u00fablico y el de Mat\u00edas Abelairas a El Fort\u00edn"},"content":{"rendered":"<p>En el Pedro Iriart Legorburu comenz\u00f3 el Torneo Apertura y en el primer partido de la segunda fecha de la competencia organizada por la Liga de F\u00fatbol de Olavarr\u00eda, fue triunfo de El Fort\u00edn por 1 a 0 frente a Sierra Chica.<!--more--><\/p>\n<hr \/>\n<p>A pesar del viento, la tarde acompa\u00f1\u00f3 para que 100 personas se acercaran a ver f\u00fatbol tras la habilitaci\u00f3n de la Agencia de Prevenci\u00f3n de Violencia en el Deporte y este mi\u00e9rcoles en horas del mediod\u00eda, se permitieron ver el debut de Mat\u00edas Abelairas en la Primera Divisi\u00f3n del f\u00fatbol olavarriense.<\/p>\n<p>&nbsp;<\/p>\n<p>Minutos despu\u00e9s de las 13:00 se produjo el inicio del Torneo Apertura de la Liga de F\u00fatbol de Olavarr\u00eda con un invitado de lujo que debut\u00f3 en el \u201cFort\u00ednero\u201d: Mat\u00edas Abelairas.<\/p>\n<p>&nbsp;<\/p>\n<p>Pero adem\u00e1s de ver al \u201c10\u201d hubo un partido de f\u00fatbol y fue muy poco vistoso, el viento impidi\u00f3 que los protagonistas se sintieran c\u00f3modos a la hora de generar juego y eso se tradujo en muy pocas situaciones de gol.<\/p>\n<p>&nbsp;<\/p>\n<p>La tuvo en el arranque el equipo de Gabriel Senzacqua, pero el remate de Canabal -que pareci\u00f3 entrar- no fue sancionado y con el 0 a 0 a\u00fan en el marcador, prosigui\u00f3 la primera mitad sin m\u00e1s riesgo.<\/p>\n<p>&nbsp;<\/p>\n<p>[soliloquy slug=&#8221;sierra-chica-el-fortin&#8221;]<\/p>\n<p>&nbsp;<\/p>\n<p>En el complemento no variaron las acciones y si bien Braian Palacios pudo poner en ventaja a los de la localidad de los penales si no fuese porque su disparo dio en el palo, hubo poca participaci\u00f3n de los arqueros.<\/p>\n<p>&nbsp;<\/p>\n<p>Pero hubo festejo de gol y fue para la visita a trav\u00e9s de Gervasio Pelaytay que marc\u00f3 el \u00fanico tanto del partido pocos minutos antes del pitazo final.<\/p>\n<p>&nbsp;<\/p>\n<p>Inici\u00f3 bien El Fort\u00edn en el \u201cNorberto Desanzo\u201d que logr\u00f3 suplir las m\u00faltiples ausencias y adem\u00e1s logr\u00f3 el regreso de Abelairas, que tras una larga carrera como profesional complet\u00f3 sus primeros 90 minutos en el f\u00fatbol de Olavarr\u00eda.<\/p>\n<p>&nbsp;<\/p>\n<p>S\u00edntesis Sierra Chica \u2013 El Fort\u00edn:<br \/>\nEstadio: Pedro Iriart Legorburu<br \/>\n\u00c1rbitro: Lisandro Rodr\u00edguez<br \/>\n<strong>Sierra Chica (0): Berd\u00fan, Peralta, Motta, Schmale (Irigoyemborde), Duarte, Palacios, Marinangeli (Cejas), Gallo (P\u00e9rez), Molina, Ledesma (Paez), Belinch\u00f3n. DT- Juan Domingo Marinangeli<\/strong><br \/>\n<strong>El Fort\u00edn (1): Piecenti, Messineo, Ilekis, Orradre, Laplace (Obispo), Canabal (Benito), Di Ger\u00f3nimo, Abelairas, Tolosa (Pelaytay), Bonavetti, Mar\u00edn. DT- Gabriel Senzacqua<\/strong><br \/>\nAmonestados: Berd\u00fan, Gallo en Sierra Chica; Senzacqua en El Fort\u00edn<br \/>\nExpulsados: No hubo<br \/>\nGoles: Pelaytay en El Fort\u00edn<\/p>\n","protected":false},"excerpt":{"rendered":"<p>En el Pedro Iriart Legorburu comenz\u00f3 el Torneo Apertura y en el primer partido de la segunda fecha de la<\/p>\n","protected":false},"author":96739694,"featured_media":143655,"comment_status":"closed","ping_status":"closed","sticky":false,"template":"","format":"standard","meta":{"_jetpack_memberships_contains_paid_content":false,"footnotes":""},"categories":[35,1,41],"tags":[],"class_list":["post-141658","post","type-post","status-publish","format-standard","has-post-thumbnail","hentry","category-futbol","category-portada","category-primera-y-reserva"],"jetpack_featured_media_url":"https:\/\/i0.wp.com\/cdnoticias.com\/wp-content\/uploads\/2021\/09\/sierra-chica-el-fortin-3.png?fit=1280%2C853&ssl=1","jetpack_sharing_enabled":true,"_links":{"self":[{"href":"https:\/\/cdnoticias.com\/index.php\/wp-json\/wp\/v2\/posts\/141658","targetHints":{"allow":["GET"]}}],"collection":[{"href":"https:\/\/cdnoticias.com\/index.php\/wp-json\/wp\/v2\/posts"}],"about":[{"href":"https:\/\/cdnoticias.com\/index.php\/wp-json\/wp\/v2\/types\/post"}],"author":[{"embeddable":true,"href":"https:\/\/cdnoticias.com\/index.php\/wp-json\/wp\/v2\/users\/96739694"}],"replies":[{"embeddable":true,"href":"https:\/\/cdnoticias.com\/index.php\/wp-json\/wp\/v2\/comments?post=141658"}],"version-history":[{"count":0,"href":"https:\/\/cdnoticias.com\/index.php\/wp-json\/wp\/v2\/posts\/141658\/revisions"}],"wp:featuredmedia":[{"embeddable":true,"href":"https:\/\/cdnoticias.com\/index.php\/wp-json\/wp\/v2\/media\/143655"}],"wp:attachment":[{"href":"https:\/\/cdnoticias.com\/index.php\/wp-json\/wp\/v2\/media?parent=141658"}],"wp:term":[{"taxonomy":"category","embeddable":true,"href":"https:\/\/cdnoticias.com\/index.php\/wp-json\/wp\/v2\/categories?post=141658"},{"taxonomy":"post_tag","embeddable":true,"href":"https:\/\/cdnoticias.com\/index.php\/wp-json\/wp\/v2\/tags?post=141658"}],"curies":[{"name":"wp","href":"https:\/\/api.w.org\/{rel}","templated":true}]}}