{"id":141657,"date":"2021-09-15T17:31:21","date_gmt":"2021-09-15T20:31:21","guid":{"rendered":"http:\/\/centraldeportes.com.ar\/?p=4900"},"modified":"2025-01-29T00:02:56","modified_gmt":"2025-01-29T03:02:56","slug":"vuelve-el-torneo-interbarrial-de-futbol","status":"publish","type":"post","link":"https:\/\/cdnoticias.com\/index.php\/2021\/09\/15\/vuelve-el-torneo-interbarrial-de-futbol\/","title":{"rendered":"Vuelve el Torneo Interbarrial de F\u00fatbol"},"content":{"rendered":"<p>Organizado y coordinado por profesores de la Subsecretar\u00eda de Deportes y Recreaci\u00f3n del Municipio, este s\u00e1bado vuelve el Torneo Interbarrial que re\u00fane equipos de los diferentes barrios de Olavarr\u00eda.<!--more--><\/p>\n<hr \/>\n<p>La convocatoria comenzar\u00e1 a las 13:30 horas en las canchas de c\u00e9sped sint\u00e9tico del Club El Fort\u00edn, para las categor\u00edas Menores (2012, 2013 y 2014) y Sub19 (2002, 2003, 2004 y 2005).<\/p>\n<p>&nbsp;<\/p>\n<p>En esta oportunidad participar\u00e1n equipos, compuestos por chicos y chicas, de los barrios Los Robles, Tiro Federal , El Progreso\/12 de Octubre, Bel\u00e9n, Yrigoyen, Villa Magdalena, Aoma, Provincias Unidas, Lourdes, Pueyrred\u00f3n, Avellaneda y Facundo Quiroga II.<\/p>\n<p>&nbsp;<\/p>\n<p>Est\u00e1 previsto que el Torneo se desarrolle durante todos los s\u00e1bados y que tambi\u00e9n se sumen las categor\u00edas Sub12 y Sub15.<\/p>\n","protected":false},"excerpt":{"rendered":"<p>Organizado y coordinado por profesores de la Subsecretar\u00eda de Deportes y Recreaci\u00f3n del Municipio, este s\u00e1bado vuelve el Torneo Interbarrial<\/p>\n","protected":false},"author":96739694,"featured_media":143657,"comment_status":"closed","ping_status":"closed","sticky":false,"template":"","format":"standard","meta":{"_jetpack_memberships_contains_paid_content":false,"footnotes":""},"categories":[35,40,1],"tags":[],"class_list":["post-141657","post","type-post","status-publish","format-standard","has-post-thumbnail","hentry","category-futbol","category-inferiores","category-portada"],"jetpack_featured_media_url":"https:\/\/i0.wp.com\/cdnoticias.com\/wp-content\/uploads\/2021\/09\/Deportes-Interbarrial-2-1024x683-e1631737870771.jpg?fit=878%2C478&ssl=1","jetpack_sharing_enabled":true,"_links":{"self":[{"href":"https:\/\/cdnoticias.com\/index.php\/wp-json\/wp\/v2\/posts\/141657","targetHints":{"allow":["GET"]}}],"collection":[{"href":"https:\/\/cdnoticias.com\/index.php\/wp-json\/wp\/v2\/posts"}],"about":[{"href":"https:\/\/cdnoticias.com\/index.php\/wp-json\/wp\/v2\/types\/post"}],"author":[{"embeddable":true,"href":"https:\/\/cdnoticias.com\/index.php\/wp-json\/wp\/v2\/users\/96739694"}],"replies":[{"embeddable":true,"href":"https:\/\/cdnoticias.com\/index.php\/wp-json\/wp\/v2\/comments?post=141657"}],"version-history":[{"count":0,"href":"https:\/\/cdnoticias.com\/index.php\/wp-json\/wp\/v2\/posts\/141657\/revisions"}],"wp:featuredmedia":[{"embeddable":true,"href":"https:\/\/cdnoticias.com\/index.php\/wp-json\/wp\/v2\/media\/143657"}],"wp:attachment":[{"href":"https:\/\/cdnoticias.com\/index.php\/wp-json\/wp\/v2\/media?parent=141657"}],"wp:term":[{"taxonomy":"category","embeddable":true,"href":"https:\/\/cdnoticias.com\/index.php\/wp-json\/wp\/v2\/categories?post=141657"},{"taxonomy":"post_tag","embeddable":true,"href":"https:\/\/cdnoticias.com\/index.php\/wp-json\/wp\/v2\/tags?post=141657"}],"curies":[{"name":"wp","href":"https:\/\/api.w.org\/{rel}","templated":true}]}}