{"id":141650,"date":"2021-09-14T00:01:04","date_gmt":"2021-09-14T03:01:04","guid":{"rendered":"http:\/\/centraldeportes.com.ar\/?p=4845"},"modified":"2025-01-29T00:03:13","modified_gmt":"2025-01-29T03:03:13","slug":"torneo-de-los-socios-lucas-janson-fue-el-unico-olavarriense-con-minutos","status":"publish","type":"post","link":"https:\/\/cdnoticias.com\/index.php\/2021\/09\/14\/torneo-de-los-socios-lucas-janson-fue-el-unico-olavarriense-con-minutos\/","title":{"rendered":"\u201cTorneo de los Socios\u201d: Lucas Janson fue el \u00fanico olavarriense con minutos"},"content":{"rendered":"<p>Lucas Janson, Pedro De la Vega y Braian Salvareschi fueron parte de sus equipos en la continuidad del \u201cTorneo de los Socios\u201d de la Liga Profesional de F\u00fatbol, pero s\u00f3lo jug\u00f3 el futbolista de V\u00e9lez.<!--more--><\/p>\n<hr \/>\n<p>La 11\u00b0 fecha de la competencia de \u00e9lite del f\u00fatbol argentino inici\u00f3 este lunes tras el parate obligado por las elecciones primarias y el \u00fanico olavarriense que vio acci\u00f3n fue Lucas Janson que fu titular en el empate 0 a 0 entre V\u00e9lez y Gimnasia.<\/p>\n<p>&nbsp;<\/p>\n<p>Previamente, Sarmiento igual\u00f3 sin goles ante Hurac\u00e1n en el estadio Eva Per\u00f3n \u00a0con Braian Salvareschi en el banco del \u201cVerde\u201d.<\/p>\n<p>&nbsp;<\/p>\n<p>Adem\u00e1s, Lan\u00fas que sigue l\u00edder del Torneo venci\u00f3 1 a 0 a Independiente, pero Pedro De la Vega no ingres\u00f3 al cotejo que tuvo lugar en Avellaneda.<\/p>\n","protected":false},"excerpt":{"rendered":"<p>Lucas Janson, Pedro De la Vega y Braian Salvareschi fueron parte de sus equipos en la continuidad del \u201cTorneo de<\/p>\n","protected":false},"author":96739694,"featured_media":143669,"comment_status":"closed","ping_status":"closed","sticky":false,"template":"","format":"standard","meta":{"_jetpack_memberships_contains_paid_content":false,"footnotes":""},"categories":[35,37,1],"tags":[],"class_list":["post-141650","post","type-post","status-publish","format-standard","has-post-thumbnail","hentry","category-futbol","category-futbol-profesional","category-portada"],"jetpack_featured_media_url":"https:\/\/i0.wp.com\/cdnoticias.com\/wp-content\/uploads\/2021\/09\/E_NcItaXEAAHmL3-e1631588437381-scaled.jpg?fit=2560%2C1458&ssl=1","jetpack_sharing_enabled":true,"_links":{"self":[{"href":"https:\/\/cdnoticias.com\/index.php\/wp-json\/wp\/v2\/posts\/141650","targetHints":{"allow":["GET"]}}],"collection":[{"href":"https:\/\/cdnoticias.com\/index.php\/wp-json\/wp\/v2\/posts"}],"about":[{"href":"https:\/\/cdnoticias.com\/index.php\/wp-json\/wp\/v2\/types\/post"}],"author":[{"embeddable":true,"href":"https:\/\/cdnoticias.com\/index.php\/wp-json\/wp\/v2\/users\/96739694"}],"replies":[{"embeddable":true,"href":"https:\/\/cdnoticias.com\/index.php\/wp-json\/wp\/v2\/comments?post=141650"}],"version-history":[{"count":0,"href":"https:\/\/cdnoticias.com\/index.php\/wp-json\/wp\/v2\/posts\/141650\/revisions"}],"wp:featuredmedia":[{"embeddable":true,"href":"https:\/\/cdnoticias.com\/index.php\/wp-json\/wp\/v2\/media\/143669"}],"wp:attachment":[{"href":"https:\/\/cdnoticias.com\/index.php\/wp-json\/wp\/v2\/media?parent=141650"}],"wp:term":[{"taxonomy":"category","embeddable":true,"href":"https:\/\/cdnoticias.com\/index.php\/wp-json\/wp\/v2\/categories?post=141650"},{"taxonomy":"post_tag","embeddable":true,"href":"https:\/\/cdnoticias.com\/index.php\/wp-json\/wp\/v2\/tags?post=141650"}],"curies":[{"name":"wp","href":"https:\/\/api.w.org\/{rel}","templated":true}]}}